{"id":2189,"date":"2016-09-08T10:11:16","date_gmt":"2016-09-08T10:11:16","guid":{"rendered":"http:\/\/gradocau.umh.es\/?p=2189"},"modified":"2016-09-08T10:11:24","modified_gmt":"2016-09-08T10:11:24","slug":"suicide-squad-y-el-suicidio-de-dc","status":"publish","type":"post","link":"https:\/\/gradocau.umh.es\/en\/2016\/09\/08\/suicide-squad-y-el-suicidio-de-dc\/","title":{"rendered":"Suicide Squad y el suicidio de DC"},"content":{"rendered":"<div class=\"article-text-wrapp\">\n<p>Las adaptaciones cinematogr\u00e1ficas de Marvel Comics van por buen camino y las de DC van cuesta abajo. Mientras\u00a0<em><a href=\"https:\/\/mx.video.search.yahoo.com\/search\/video?fr=mcafee&amp;p=trailer+capitan+america+guerra+civil%2523id=1&amp;vid=3eef2b398ec2a107d0efd3a5b21559cf&amp;action=click\">Capit\u00e1n Am\u00e9rica: Guerra Civil<\/a>\u00a0<\/em>dej\u00f3 satisfechos a la cr\u00edtica y los fans,\u00a0<em><a href=\"https:\/\/mx.video.search.yahoo.com\/search\/video?fr=mcafee&amp;p=trailer+batman+vs+superman%2523id=3&amp;vid=5ca9cad01f2daf8e848e746bc652db44&amp;action=view\">Batman vs. Superman: el origen de la justicia<\/a><\/em>\u00a0(que pudo haberse titulado\u00a0<em>Ella se llamaba Martha<\/em>) pareci\u00f3 un intento desesperado por interconectar los universos de sus dos personajes emblem\u00e1ticos. La crisis de DC no s\u00f3lo se reduce al plano f\u00edlmico. Seg\u00fan el analista y escritor de la industria del c\u00f3mic\u00a0<a href=\"http:\/\/www.comichron.com\/monthlycomicssales\/2015.html\">John Jackson Miller<\/a>, 2015 no fue un buen a\u00f1o para la compa\u00f1\u00eda, que solamente obtuvo 26 por ciento de las ganancias anuales de la industria (contra 39 por ciento de Marvel).<\/p>\n<\/div>\n<p><a href=\"http:\/\/gradocau.umh.es\/files\/2016\/09\/margot_robbie_harley_quinn_by_pzns-d88re2t.png\"><img loading=\"lazy\" class=\"alignnone wp-image-2190\" src=\"http:\/\/gradocau.umh.es\/files\/2016\/09\/margot_robbie_harley_quinn_by_pzns-d88re2t-1024x576.png\" alt=\"margot_robbie_harley_quinn_by_pzns-d88re2t\" width=\"601\" height=\"338\" srcset=\"https:\/\/gradocau.umh.es\/files\/2016\/09\/margot_robbie_harley_quinn_by_pzns-d88re2t.png 1024w, https:\/\/gradocau.umh.es\/files\/2016\/09\/margot_robbie_harley_quinn_by_pzns-d88re2t-300x169.png 300w\" sizes=\"(max-width: 601px) 100vw, 601px\" \/><\/a><\/p>\n<p>Si eso ha ocurrido con las novelas gr\u00e1ficas (su especialidad), entonces no es extra\u00f1o que las adaptaciones cinematogr\u00e1ficas vayan por una ruta todav\u00eda m\u00e1s accidentada.\u00a0<em>Escuadr\u00f3n suicida<\/em>\u00a0es el ejemplo m\u00e1s reciente. La historia de un grupo de villanos de la peor cala\u00f1a chantajeados por el gobierno para formar una unidad ultrasecreta que, digamos, debe hacer el bien, ten\u00eda un potencial enorme para convertirse en la pel\u00edcula que verdaderamente trazara un rumbo nuevo para las cintas de DC, donde sus historias y personajes menos conocidos se interrelacionaran con sus superh\u00e9roes claves y donde cabr\u00eda el humor y un retorcido punto de vista.<\/p>\n<p>Leer el texto completo en:\u00a0<a href=\"http:\/\/www.letraslibres.com\/espana-mexico\/cinetv\/suicide-squad-y-el-suicidio-dc\" target=\"_blank\">http:\/\/www.letraslibres.com\/espana-mexico\/cinetv\/suicide-squad-y-el-suicidio-dc<\/a><\/p>\n","protected":false},"excerpt":{"rendered":"<p>Las adaptaciones cinematogr\u00e1ficas de Marvel Comics van por buen camino y las de DC van cuesta abajo. Mientras\u00a0Capit\u00e1n Am\u00e9rica: Guerra Civil\u00a0dej\u00f3 satisfechos a la cr\u00edtica y los fans,\u00a0Batman vs. Superman: el origen de la justicia\u00a0(que pudo haberse titulado\u00a0Ella se llamaba Martha) pareci\u00f3 un intento desesperado por interconectar los universos de sus dos personajes emblem\u00e1ticos. La [&hellip;]<\/p>\n","protected":false},"author":790,"featured_media":0,"comment_status":"closed","ping_status":"open","sticky":false,"template":"","format":"standard","meta":{"_links_to":"","_links_to_target":""},"categories":[1],"tags":[188],"_links":{"self":[{"href":"https:\/\/gradocau.umh.es\/en\/wp-json\/wp\/v2\/posts\/2189"}],"collection":[{"href":"https:\/\/gradocau.umh.es\/en\/wp-json\/wp\/v2\/posts"}],"about":[{"href":"https:\/\/gradocau.umh.es\/en\/wp-json\/wp\/v2\/types\/post"}],"author":[{"embeddable":true,"href":"https:\/\/gradocau.umh.es\/en\/wp-json\/wp\/v2\/users\/790"}],"replies":[{"embeddable":true,"href":"https:\/\/gradocau.umh.es\/en\/wp-json\/wp\/v2\/comments?post=2189"}],"version-history":[{"count":0,"href":"https:\/\/gradocau.umh.es\/en\/wp-json\/wp\/v2\/posts\/2189\/revisions"}],"wp:attachment":[{"href":"https:\/\/gradocau.umh.es\/en\/wp-json\/wp\/v2\/media?parent=2189"}],"wp:term":[{"taxonomy":"category","embeddable":true,"href":"https:\/\/gradocau.umh.es\/en\/wp-json\/wp\/v2\/categories?post=2189"},{"taxonomy":"post_tag","embeddable":true,"href":"https:\/\/gradocau.umh.es\/en\/wp-json\/wp\/v2\/tags?post=2189"}],"curies":[{"name":"wp","href":"https:\/\/api.w.org\/{rel}","templated":true}]}}