{"id":1998,"date":"2016-06-09T09:51:05","date_gmt":"2016-06-09T09:51:05","guid":{"rendered":"http:\/\/gradocau.umh.es\/?p=1998"},"modified":"2016-06-09T09:51:28","modified_gmt":"2016-06-09T09:51:28","slug":"valencia-se-convierte-en-una-escuela-de-cine-para-17-jovenes","status":"publish","type":"post","link":"https:\/\/gradocau.umh.es\/en\/2016\/06\/09\/valencia-se-convierte-en-una-escuela-de-cine-para-17-jovenes\/","title":{"rendered":"Valencia se convierte en una escuela de cine para 17 j\u00f3venes"},"content":{"rendered":"<p>17 j\u00f3venes, 18 d\u00edas de rodaje y un director de lujo: el cineasta Enrique Urbizu. As\u00ed es el proyecto Film Camp Cinema Jove, puesto en marcha por La Base, Escuela de Cine del Mediterr\u00e1neo.<\/p>\n<p><a href=\"http:\/\/gradocau.umh.es\/files\/2016\/06\/Escuela-de-Cine-Pablo-Mas-Urbizu.jpg\"><img loading=\"lazy\" class=\"alignnone wp-image-1999\" src=\"http:\/\/gradocau.umh.es\/files\/2016\/06\/Escuela-de-Cine-Pablo-Mas-Urbizu.jpg\" alt=\"Escuela de Cine Pablo Mas - Urbizu\" width=\"600\" height=\"400\" srcset=\"https:\/\/gradocau.umh.es\/files\/2016\/06\/Escuela-de-Cine-Pablo-Mas-Urbizu.jpg 575w, https:\/\/gradocau.umh.es\/files\/2016\/06\/Escuela-de-Cine-Pablo-Mas-Urbizu-300x200.jpg 300w\" sizes=\"(max-width: 600px) 100vw, 600px\" \/><\/a><\/p>\n<p>El director de &#8216;La caja 507&#8217; y &#8216;No habr\u00e1 paz para los malvados&#8217;, Enrique Urbizu, ser\u00e1 el encargado de capitanear el rodaje, que tambi\u00e9n contar\u00e1 con distinos profesionales como Antonio Conesa, Nacho Navarro, Paco Belda, Ximo Fern\u00e1ndez,Vicen Beti, Jos\u00e9 Sospedra, Iv\u00e1n Mart\u00ednez-Rufat y Pablo M\u00e1s.<\/p>\n<p>Un &#8216;thriller&#8217; sobre una asesina que se rodar\u00e1 en un hotel de la ciudad configura el guion de un corto que permitir\u00e1 a sus art\u00edfices conocer\u00e1n de primera mano todas las funciones que se desarrollan en la filmaci\u00f3n de un proyecto audiovisual. Seg\u00fan sus responsables, se formar\u00e1n equipos espec\u00edficos como en un rodaje profesional con departamentos de direcci\u00f3n, producci\u00f3n, fotograf\u00eda, direcci\u00f3n de arte, vestuario, sonido, montaje y postproducci\u00f3n. Todos los seleccionados, los 17 j\u00f3venes, pasar\u00e1n por todas las secciones.<\/p>\n<p>Fuente e informaci\u00f3n completa:\u00a0<a href=\"http:\/\/www.lasprovincias.es\/culturas\/201605\/31\/valencia-convierte-escuela-cine-20160531001424-v.html\" target=\"_blank\">http:\/\/www.lasprovincias.es\/culturas\/201605\/31\/valencia-convierte-escuela-cine-20160531001424-v.html<\/a><\/p>\n","protected":false},"excerpt":{"rendered":"<p>17 j\u00f3venes, 18 d\u00edas de rodaje y un director de lujo: el cineasta Enrique Urbizu. As\u00ed es el proyecto Film Camp Cinema Jove, puesto en marcha por La Base, Escuela de Cine del Mediterr\u00e1neo. El director de &#8216;La caja 507&#8217; y &#8216;No habr\u00e1 paz para los malvados&#8217;, Enrique Urbizu, ser\u00e1 el encargado de capitanear el [&hellip;]<\/p>\n","protected":false},"author":790,"featured_media":0,"comment_status":"closed","ping_status":"open","sticky":false,"template":"","format":"standard","meta":{"_links_to":"","_links_to_target":""},"categories":[2,74],"tags":[165],"_links":{"self":[{"href":"https:\/\/gradocau.umh.es\/en\/wp-json\/wp\/v2\/posts\/1998"}],"collection":[{"href":"https:\/\/gradocau.umh.es\/en\/wp-json\/wp\/v2\/posts"}],"about":[{"href":"https:\/\/gradocau.umh.es\/en\/wp-json\/wp\/v2\/types\/post"}],"author":[{"embeddable":true,"href":"https:\/\/gradocau.umh.es\/en\/wp-json\/wp\/v2\/users\/790"}],"replies":[{"embeddable":true,"href":"https:\/\/gradocau.umh.es\/en\/wp-json\/wp\/v2\/comments?post=1998"}],"version-history":[{"count":0,"href":"https:\/\/gradocau.umh.es\/en\/wp-json\/wp\/v2\/posts\/1998\/revisions"}],"wp:attachment":[{"href":"https:\/\/gradocau.umh.es\/en\/wp-json\/wp\/v2\/media?parent=1998"}],"wp:term":[{"taxonomy":"category","embeddable":true,"href":"https:\/\/gradocau.umh.es\/en\/wp-json\/wp\/v2\/categories?post=1998"},{"taxonomy":"post_tag","embeddable":true,"href":"https:\/\/gradocau.umh.es\/en\/wp-json\/wp\/v2\/tags?post=1998"}],"curies":[{"name":"wp","href":"https:\/\/api.w.org\/{rel}","templated":true}]}}