{"id":1802,"date":"2016-05-10T11:21:47","date_gmt":"2016-05-10T11:21:47","guid":{"rendered":"http:\/\/gradocau.umh.es\/?p=1802"},"modified":"2016-05-10T11:38:47","modified_gmt":"2016-05-10T11:38:47","slug":"vi-concurso-cortometrajes-catedra-miguel-hernandez","status":"publish","type":"post","link":"https:\/\/gradocau.umh.es\/en\/2016\/05\/10\/vi-concurso-cortometrajes-catedra-miguel-hernandez\/","title":{"rendered":"VI Concurso Cortometrajes C\u00e1tedra Miguel Hern\u00e1ndez"},"content":{"rendered":"<p>La C\u00e1tedra Miguel Hern\u00e1ndez, de la Universidad Miguel Hern\u00e1ndez (UMH) de Elche (Alicante), junto con la Fundaci\u00f3n Cultural Miguel Hern\u00e1ndez y el Ayuntamiento de Elche, convocan el VI Concurso de Cortometrajes \u201cC\u00e1tedra Miguel Hern\u00e1ndez\u201d, con el objeto de difundir la vida y obra de este poeta universal. <em>\u00a0<\/em><\/p>\n<p><strong>Tema y duraci\u00f3n<\/strong><br \/>\nEl tema de la producci\u00f3n visual,\u00a0 cuya duraci\u00f3n no exceder\u00e1 los 10 minutos, deber\u00e1 estar relacionado con el poeta Miguel Hern\u00e1ndez: su vida, su obra, actividades hernandianas, etc., as\u00ed como tambi\u00e9n puede estar relacionado con algunos temas presentes en la obra hernandiana como la paz, la libertad, los derechos humanos, etc.<\/p>\n<p><strong>Premios<\/strong><br \/>\nSe establece un Premio \u00fanico dotado con 2.000 euros y\u00a0 un Diploma.<\/p>\n<p><strong>Participantes<\/strong><br \/>\nPodr\u00e1 participar en este Concurso cualquier persona, mayor de edad, sin distinci\u00f3n de nacionalidad ni residencia.<\/p>\n<p><strong>Plazo de entrega<\/strong><br \/>\nEl plazo de admisi\u00f3n de trabajos finaliza el <strong>10 \u00a0de Junio de 2016,<\/strong> inclusive.<br \/>\nLos trabajos podr\u00e1n presentarse por v\u00eda postal o digital.<\/p>\n<p><strong>Informaci\u00f3n y Bases:<\/strong><br \/>\n<a href=\"http:\/\/catedramiguelhernandez.umh.es\">http:\/\/catedramiguelhernandez.umh.es<\/a><\/p>\n<p><a href=\"http:\/\/www.miguelhernandezvirtual.es\/\" target=\"_blank\"><strong>http:\/\/www.miguelhernandezvirtual.es\/<\/strong><\/a><br \/>\nE-mail: <a href=\"mailto:catedramiguelh@umh.es\"><strong>catedramiguelh@umh.es<\/strong><\/a><\/p>\n","protected":false},"excerpt":{"rendered":"<p>La C\u00e1tedra Miguel Hern\u00e1ndez, de la Universidad Miguel Hern\u00e1ndez (UMH) de Elche (Alicante), junto con la Fundaci\u00f3n Cultural Miguel Hern\u00e1ndez y el Ayuntamiento de Elche, convocan el VI Concurso de Cortometrajes \u201cC\u00e1tedra Miguel Hern\u00e1ndez\u201d, con el objeto de difundir la vida y obra de este poeta universal. \u00a0 Tema y duraci\u00f3n El tema de la [&hellip;]<\/p>\n","protected":false},"author":790,"featured_media":0,"comment_status":"closed","ping_status":"open","sticky":false,"template":"","format":"standard","meta":{"_links_to":"","_links_to_target":""},"categories":[2,24],"tags":[17,111],"_links":{"self":[{"href":"https:\/\/gradocau.umh.es\/en\/wp-json\/wp\/v2\/posts\/1802"}],"collection":[{"href":"https:\/\/gradocau.umh.es\/en\/wp-json\/wp\/v2\/posts"}],"about":[{"href":"https:\/\/gradocau.umh.es\/en\/wp-json\/wp\/v2\/types\/post"}],"author":[{"embeddable":true,"href":"https:\/\/gradocau.umh.es\/en\/wp-json\/wp\/v2\/users\/790"}],"replies":[{"embeddable":true,"href":"https:\/\/gradocau.umh.es\/en\/wp-json\/wp\/v2\/comments?post=1802"}],"version-history":[{"count":0,"href":"https:\/\/gradocau.umh.es\/en\/wp-json\/wp\/v2\/posts\/1802\/revisions"}],"wp:attachment":[{"href":"https:\/\/gradocau.umh.es\/en\/wp-json\/wp\/v2\/media?parent=1802"}],"wp:term":[{"taxonomy":"category","embeddable":true,"href":"https:\/\/gradocau.umh.es\/en\/wp-json\/wp\/v2\/categories?post=1802"},{"taxonomy":"post_tag","embeddable":true,"href":"https:\/\/gradocau.umh.es\/en\/wp-json\/wp\/v2\/tags?post=1802"}],"curies":[{"name":"wp","href":"https:\/\/api.w.org\/{rel}","templated":true}]}}