{"id":1674,"date":"2016-05-02T07:32:17","date_gmt":"2016-05-02T07:32:17","guid":{"rendered":"http:\/\/gradocau.umh.es\/?p=1674"},"modified":"2016-05-02T10:21:44","modified_gmt":"2016-05-02T10:21:44","slug":"master-class-de-jose-maria-candel-para-los-alumnos-cau-umh","status":"publish","type":"post","link":"https:\/\/gradocau.umh.es\/en\/2016\/05\/02\/master-class-de-jose-maria-candel-para-los-alumnos-cau-umh\/","title":{"rendered":"Master Class de Jos\u00e9 Mar\u00eda Candel para los alumnos 3\u00ba Animaci\u00f3n CAU UMH"},"content":{"rendered":"<p><strong>Masterclass de Jos\u00e9 Mar\u00eda Candel para los alumnos de 3\u00ba Animaci\u00f3n CAU &#8211; Martes 10 de mayo en Aula 2 de Inform\u00e1tica Atzavares<\/strong><\/p>\n<p><a href=\"http:\/\/gradocau.umh.es\/files\/2016\/05\/candel1sacristan.jpg\"><img loading=\"lazy\" class=\"alignnone size-full wp-image-1675\" src=\"http:\/\/gradocau.umh.es\/files\/2016\/05\/candel1sacristan.jpg\" alt=\"Jos\u00e9 Mar\u00eda Candel\" width=\"720\" height=\"551\" srcset=\"https:\/\/gradocau.umh.es\/files\/2016\/05\/candel1sacristan.jpg 720w, https:\/\/gradocau.umh.es\/files\/2016\/05\/candel1sacristan-300x230.jpg 300w\" sizes=\"(max-width: 720px) 100vw, 720px\" \/><\/a><\/p>\n<p><span style=\"text-decoration: underline;\">Fotograma de <em>El milagro del Sacrist\u00e1n<\/em>\u00a0de <strong>Jos\u00e9 Mar\u00eda Candel<\/strong> (1972)<\/span><\/p>\n<p>Jos\u00e9 Mar\u00eda Candel es un realizador independiente de cortometrajes de dibujos animados y un reconocido experto en los estudios del campo de la animaci\u00f3n.\u00a0 Entre sus escritos destacan el libro \u201c<strong>Historia del Dibujo Animado Espa\u00f1ol<\/strong>\u201d y sus diversas monograf\u00edas sobre autores de dibujos animados norteamericanos como Winsor Mc Cay, Pat Sullivan, Ub Iwerks y Paul Terry, o espa\u00f1oles como Arturo Moreno o Jos\u00e9 Escobar.<\/p>\n<p>Ha colaborado, entre otras muchas producciones de animaci\u00f3n, en la serie de TV <em>Don Quijote de la Mancha<\/em>\u00a0de Cruz Delgado. Y cuenta en su filmograf\u00eda con 14 cortometrajes de animaci\u00f3n con los que ha ganado m\u00e1s de un centenar de premios. En 1998, fue homenajeado y premiado en la tercera edici\u00f3n de la Primavera Cinematogr\u00e1fica de Lorca.<\/p>\n","protected":false},"excerpt":{"rendered":"<p>Masterclass de Jos\u00e9 Mar\u00eda Candel para los alumnos de 3\u00ba Animaci\u00f3n CAU &#8211; Martes 10 de mayo en Aula 2 de Inform\u00e1tica Atzavares Fotograma de El milagro del Sacrist\u00e1n\u00a0de Jos\u00e9 Mar\u00eda Candel (1972) Jos\u00e9 Mar\u00eda Candel es un realizador independiente de cortometrajes de dibujos animados y un reconocido experto en los estudios del campo de [&hellip;]<\/p>\n","protected":false},"author":790,"featured_media":0,"comment_status":"closed","ping_status":"open","sticky":false,"template":"","format":"standard","meta":{"_links_to":"","_links_to_target":""},"categories":[112,2,68],"tags":[132],"_links":{"self":[{"href":"https:\/\/gradocau.umh.es\/en\/wp-json\/wp\/v2\/posts\/1674"}],"collection":[{"href":"https:\/\/gradocau.umh.es\/en\/wp-json\/wp\/v2\/posts"}],"about":[{"href":"https:\/\/gradocau.umh.es\/en\/wp-json\/wp\/v2\/types\/post"}],"author":[{"embeddable":true,"href":"https:\/\/gradocau.umh.es\/en\/wp-json\/wp\/v2\/users\/790"}],"replies":[{"embeddable":true,"href":"https:\/\/gradocau.umh.es\/en\/wp-json\/wp\/v2\/comments?post=1674"}],"version-history":[{"count":0,"href":"https:\/\/gradocau.umh.es\/en\/wp-json\/wp\/v2\/posts\/1674\/revisions"}],"wp:attachment":[{"href":"https:\/\/gradocau.umh.es\/en\/wp-json\/wp\/v2\/media?parent=1674"}],"wp:term":[{"taxonomy":"category","embeddable":true,"href":"https:\/\/gradocau.umh.es\/en\/wp-json\/wp\/v2\/categories?post=1674"},{"taxonomy":"post_tag","embeddable":true,"href":"https:\/\/gradocau.umh.es\/en\/wp-json\/wp\/v2\/tags?post=1674"}],"curies":[{"name":"wp","href":"https:\/\/api.w.org\/{rel}","templated":true}]}}