{"id":1381,"date":"2016-02-24T11:03:12","date_gmt":"2016-02-24T11:03:12","guid":{"rendered":"http:\/\/gradocau.umh.es\/?p=1381"},"modified":"2016-03-03T17:35:32","modified_gmt":"2016-03-03T17:35:32","slug":"presentacion-del-libro-la-ilusion-de-crear-la-ilusion-de-creer-reflexiones-con-cineastas-espanoles-acerca-del-cine-o-la-mentira-necesaria","status":"publish","type":"post","link":"https:\/\/gradocau.umh.es\/en\/2016\/02\/24\/presentacion-del-libro-la-ilusion-de-crear-la-ilusion-de-creer-reflexiones-con-cineastas-espanoles-acerca-del-cine-o-la-mentira-necesaria\/","title":{"rendered":"Presentaci\u00f3n del libro: La ilusi\u00f3n de crear, la ilusi\u00f3n de creer."},"content":{"rendered":"<p>Presentaci\u00f3n del libro <i>La ilusi\u00f3n de crear, la ilusi\u00f3n de creer. Reflexiones con cineastas espa\u00f1oles acerca del cine o la mentira necesar<\/i>ia, tendr\u00e1 lugar en la librer\u00eda Pynchon &amp; Co de Alicante el pr\u00f3ximo viernes 4 de marzo a las 19:30h.<\/p>\n<p>Participar\u00e1n J. Antonio Roche C\u00e1rcel, Antonio Sempere y la autora: Virginia\u00a0Rodr\u00edguez Herrero.<\/p>\n<p><a href=\"http:\/\/gradocau.umh.es\/files\/2016\/02\/CARTEL-LIBRER\u00cdA-PYNCHON-PRESENTACI\u00d3N.jpg\"><img loading=\"lazy\" class=\"alignnone  wp-image-1382\" src=\"http:\/\/gradocau.umh.es\/files\/2016\/02\/CARTEL-LIBRER\u00cdA-PYNCHON-PRESENTACI\u00d3N-1024x724.jpg\" alt=\"CARTEL LIBRER\u00cdA PYNCHON PRESENTACI\u00d3N\" width=\"732\" height=\"518\" srcset=\"https:\/\/gradocau.umh.es\/files\/2016\/02\/CARTEL-LIBRER\u00cdA-PYNCHON-PRESENTACI\u00d3N-1024x724.jpg 1024w, https:\/\/gradocau.umh.es\/files\/2016\/02\/CARTEL-LIBRER\u00cdA-PYNCHON-PRESENTACI\u00d3N-300x212.jpg 300w\" sizes=\"(max-width: 732px) 100vw, 732px\" \/><\/a><\/p>\n<p><img src=\"blob:https%3A\/\/mail.google.com\/468b27ac-6b4f-4aa4-9783-d4f46460aee6\" alt=\"Mostrando CARTEL LIBRER\u00cdA PYNCHON PRESENTACI\u00d3N.jpg\" \/><\/p>\n","protected":false},"excerpt":{"rendered":"<p>Presentaci\u00f3n del libro La ilusi\u00f3n de crear, la ilusi\u00f3n de creer. Reflexiones con cineastas espa\u00f1oles acerca del cine o la mentira necesaria, tendr\u00e1 lugar en la librer\u00eda Pynchon &amp; Co de Alicante el pr\u00f3ximo viernes 4 de marzo a las 19:30h. Participar\u00e1n J. Antonio Roche C\u00e1rcel, Antonio Sempere y la autora: Virginia\u00a0Rodr\u00edguez Herrero.<\/p>\n","protected":false},"author":790,"featured_media":0,"comment_status":"closed","ping_status":"open","sticky":false,"template":"","format":"standard","meta":{"_links_to":"","_links_to_target":""},"categories":[73],"tags":[90,38,108],"_links":{"self":[{"href":"https:\/\/gradocau.umh.es\/en\/wp-json\/wp\/v2\/posts\/1381"}],"collection":[{"href":"https:\/\/gradocau.umh.es\/en\/wp-json\/wp\/v2\/posts"}],"about":[{"href":"https:\/\/gradocau.umh.es\/en\/wp-json\/wp\/v2\/types\/post"}],"author":[{"embeddable":true,"href":"https:\/\/gradocau.umh.es\/en\/wp-json\/wp\/v2\/users\/790"}],"replies":[{"embeddable":true,"href":"https:\/\/gradocau.umh.es\/en\/wp-json\/wp\/v2\/comments?post=1381"}],"version-history":[{"count":0,"href":"https:\/\/gradocau.umh.es\/en\/wp-json\/wp\/v2\/posts\/1381\/revisions"}],"wp:attachment":[{"href":"https:\/\/gradocau.umh.es\/en\/wp-json\/wp\/v2\/media?parent=1381"}],"wp:term":[{"taxonomy":"category","embeddable":true,"href":"https:\/\/gradocau.umh.es\/en\/wp-json\/wp\/v2\/categories?post=1381"},{"taxonomy":"post_tag","embeddable":true,"href":"https:\/\/gradocau.umh.es\/en\/wp-json\/wp\/v2\/tags?post=1381"}],"curies":[{"name":"wp","href":"https:\/\/api.w.org\/{rel}","templated":true}]}}