{"id":1307,"date":"2016-02-08T08:04:55","date_gmt":"2016-02-08T08:04:55","guid":{"rendered":"http:\/\/gradocau.umh.es\/?p=1307"},"modified":"2016-03-03T17:38:23","modified_gmt":"2016-03-03T17:38:23","slug":"iv-encuentro-lo-sonoro-en-el-audiovisual","status":"publish","type":"post","link":"https:\/\/gradocau.umh.es\/en\/2016\/02\/08\/iv-encuentro-lo-sonoro-en-el-audiovisual\/","title":{"rendered":"IV Encuentro Lo sonoro en el audiovisual"},"content":{"rendered":"<p><strong>13\u00ba\u00a0 Festival de cine de Alicante\u00a0 \/ 13th Alicante Film Festival<\/strong><\/p>\n<p><strong>\u00a0IV Encuentro Lo sonoro en el audiovisual: <em>Y primero fue la m\u00fasica\u2026 y\/o el sonido<\/em><\/strong><\/p>\n<p>Sede de la Universidad de Alicante en la ciudad, Avda. Ram\u00f3n y Cajal, 4. 03001. Alicante, los d\u00edas <strong>9, 10 y 11 de junio de 2016<\/strong>.<\/p>\n<p><strong>Comunicaciones<\/strong><\/p>\n<p>Desde un punto de vista direccional la presente edici\u00f3n del Encuentro centra su inter\u00e9s en las im\u00e1genes que parten de un escenario sonoro\/musical.<\/p>\n<p>&#8211;\u00a0\u00a0\u00a0\u00a0\u00a0\u00a0 Pel\u00edculas a partir del teatro musical<br \/>\n&#8211;\u00a0\u00a0\u00a0\u00a0\u00a0\u00a0 <em>Biopics<\/em> de compositores o int\u00e9rpretes<br \/>\n&#8211;\u00a0\u00a0\u00a0\u00a0\u00a0\u00a0 Videoclips<br \/>\n&#8211;\u00a0\u00a0\u00a0\u00a0\u00a0\u00a0 <em>Mapping<\/em><br \/>\n&#8211;\u00a0\u00a0\u00a0\u00a0\u00a0\u00a0 Proyecciones narrativas: espect\u00e1culos de luz y sonido<br \/>\n&#8211;\u00a0\u00a0\u00a0\u00a0\u00a0\u00a0 Videoinstalaciones<br \/>\n&#8211;\u00a0\u00a0\u00a0\u00a0\u00a0\u00a0 Videodanza, <em>performances<\/em><br \/>\n&#8211;\u00a0\u00a0\u00a0\u00a0\u00a0\u00a0 Montaje de secuencias en base a su contenido sonoro o musical: la canci\u00f3n como par\u00e9ntesis argumental.<br \/>\n&#8211;\u00a0\u00a0\u00a0\u00a0\u00a0\u00a0 Cabeceras, caretas.<br \/>\n&#8211;\u00a0\u00a0\u00a0\u00a0\u00a0\u00a0 Imagen sonora corporativa: sinton\u00edas publicitarias<br \/>\n&#8211;\u00a0\u00a0\u00a0\u00a0\u00a0\u00a0 Filmaciones o retransmisiones de conciertos, \u00f3peras, ballets u otros espect\u00e1culos musicales<br \/>\nEn definitiva, todo aquel producto audiovisual que tiene que se ocupa o tiene su fundamento en la m\u00fasica o el sonido, tanto en su tem\u00e1tica como en su narrativa. La imagen al servicio de la m\u00fasica y\/o el sonido.<\/p>\n<p><a href=\"http:\/\/gradocau.umh.es\/files\/2016\/02\/2016_Call4Papers-IV-Encuentro-lo-sonoro-en-el-Audiovisual.doc\">2016_Call4Papers IV Encuentro lo sonoro en el Audiovisual<\/a><\/p>\n<p>Para m\u00e1s informaci\u00f3n en nuestro sitio web, actualmente en proceso de actualizaci\u00f3n<br \/>\n<a href=\"http:\/\/musi28.wix.com\/musicaparalaimagen\" target=\"_blank\">http:\/\/musi28.wix.com\/musicaparalaimagen<\/a><\/p>\n","protected":false},"excerpt":{"rendered":"<p>13\u00ba\u00a0 Festival de cine de Alicante\u00a0 \/ 13th Alicante Film Festival \u00a0IV Encuentro Lo sonoro en el audiovisual: Y primero fue la m\u00fasica\u2026 y\/o el sonido Sede de la Universidad de Alicante en la ciudad, Avda. Ram\u00f3n y Cajal, 4. 03001. Alicante, los d\u00edas 9, 10 y 11 de junio de 2016. Comunicaciones Desde un [&hellip;]<\/p>\n","protected":false},"author":790,"featured_media":0,"comment_status":"closed","ping_status":"open","sticky":false,"template":"","format":"standard","meta":{"_links_to":"","_links_to_target":""},"categories":[94],"tags":[90,98,42,51],"_links":{"self":[{"href":"https:\/\/gradocau.umh.es\/en\/wp-json\/wp\/v2\/posts\/1307"}],"collection":[{"href":"https:\/\/gradocau.umh.es\/en\/wp-json\/wp\/v2\/posts"}],"about":[{"href":"https:\/\/gradocau.umh.es\/en\/wp-json\/wp\/v2\/types\/post"}],"author":[{"embeddable":true,"href":"https:\/\/gradocau.umh.es\/en\/wp-json\/wp\/v2\/users\/790"}],"replies":[{"embeddable":true,"href":"https:\/\/gradocau.umh.es\/en\/wp-json\/wp\/v2\/comments?post=1307"}],"version-history":[{"count":0,"href":"https:\/\/gradocau.umh.es\/en\/wp-json\/wp\/v2\/posts\/1307\/revisions"}],"wp:attachment":[{"href":"https:\/\/gradocau.umh.es\/en\/wp-json\/wp\/v2\/media?parent=1307"}],"wp:term":[{"taxonomy":"category","embeddable":true,"href":"https:\/\/gradocau.umh.es\/en\/wp-json\/wp\/v2\/categories?post=1307"},{"taxonomy":"post_tag","embeddable":true,"href":"https:\/\/gradocau.umh.es\/en\/wp-json\/wp\/v2\/tags?post=1307"}],"curies":[{"name":"wp","href":"https:\/\/api.w.org\/{rel}","templated":true}]}}