{"id":1211,"date":"2016-02-04T13:43:59","date_gmt":"2016-02-04T13:43:59","guid":{"rendered":"http:\/\/gradocau.umh.es\/?p=1211"},"modified":"2016-03-03T17:37:31","modified_gmt":"2016-03-03T17:37:31","slug":"talleres-intesivos-organizados-por-mediterranea-audiovisual","status":"publish","type":"post","link":"https:\/\/gradocau.umh.es\/en\/2016\/02\/04\/talleres-intesivos-organizados-por-mediterranea-audiovisual\/","title":{"rendered":"Talleres intesivos organizados por Mediterranea Audiovisual"},"content":{"rendered":"<p><strong>Taller de gui\u00f3n y direcci\u00f3n y venta de proyectos<\/strong><\/p>\n<p>Tras el \u00e9xito alcanzado con nuestro anterior taller con apoyo del director valenciano Javier Valenzuela volvemos a contar con el para la realizaci\u00f3n de un taller que hemos dividido en dos partes una parte sobre el gui\u00f3n y otra parte sobre la direcci\u00f3n y venta del proyecto. Los interesados pueden apuntarse a uno de ellos o a los dos. Las plazas son limitadas.<br \/>\n<strong>Destinatarios<\/strong><br \/>\nPersonas que tienen conocimientos del sector audiovisual, estudiantes del grado en comunicaci\u00f3n audiovisual, FP en imagen y sonido, cortometrajistas y personas interesar en sacar adelante un proyecto audiovisual de forma profesional.<br \/>\n<strong>Objetivos<\/strong><br \/>\nDotar al alumno de herramientas b\u00e1sicas para afrontar un proyecto audiovisual de car\u00e1cter profesional desde el punto de vista de la direcci\u00f3n, teniendo en cuenta de la situaci\u00f3n actual.<\/p>\n<p>C\u00d3MO CONVERTIR UN GUI\u00d3N EN UN CORTOMETRAJE<br \/>\nViernes 4 de marzo. Intensivo<\/p>\n<p>C\u00d3MO VENDER TU PROYECTO A UN PRODUCTOR (Direcci\u00f3n- ventas).<br \/>\nS\u00e1bado 5 de marzo. Intensivo<\/p>\n<p>Toda la informaci\u00f3n en:<br \/>\n<a href=\"http:\/\/mediterraniaaudiovisual.com\/taller-de-guion-y-direccion-y-venta-de-proyectos\/\" target=\"_blank\">http:\/\/mediterraniaaudiovisual.com\/taller-de-guion-y-direccion-y-venta-de-proyectos\/<\/a><\/p>\n","protected":false},"excerpt":{"rendered":"<p>Taller de gui\u00f3n y direcci\u00f3n y venta de proyectos Tras el \u00e9xito alcanzado con nuestro anterior taller con apoyo del director valenciano Javier Valenzuela volvemos a contar con el para la realizaci\u00f3n de un taller que hemos dividido en dos partes una parte sobre el gui\u00f3n y otra parte sobre la direcci\u00f3n y venta del [&hellip;]<\/p>\n","protected":false},"author":790,"featured_media":0,"comment_status":"closed","ping_status":"open","sticky":false,"template":"","format":"standard","meta":{"_links_to":"","_links_to_target":""},"categories":[52],"tags":[90,58,11,88],"_links":{"self":[{"href":"https:\/\/gradocau.umh.es\/en\/wp-json\/wp\/v2\/posts\/1211"}],"collection":[{"href":"https:\/\/gradocau.umh.es\/en\/wp-json\/wp\/v2\/posts"}],"about":[{"href":"https:\/\/gradocau.umh.es\/en\/wp-json\/wp\/v2\/types\/post"}],"author":[{"embeddable":true,"href":"https:\/\/gradocau.umh.es\/en\/wp-json\/wp\/v2\/users\/790"}],"replies":[{"embeddable":true,"href":"https:\/\/gradocau.umh.es\/en\/wp-json\/wp\/v2\/comments?post=1211"}],"version-history":[{"count":0,"href":"https:\/\/gradocau.umh.es\/en\/wp-json\/wp\/v2\/posts\/1211\/revisions"}],"wp:attachment":[{"href":"https:\/\/gradocau.umh.es\/en\/wp-json\/wp\/v2\/media?parent=1211"}],"wp:term":[{"taxonomy":"category","embeddable":true,"href":"https:\/\/gradocau.umh.es\/en\/wp-json\/wp\/v2\/categories?post=1211"},{"taxonomy":"post_tag","embeddable":true,"href":"https:\/\/gradocau.umh.es\/en\/wp-json\/wp\/v2\/tags?post=1211"}],"curies":[{"name":"wp","href":"https:\/\/api.w.org\/{rel}","templated":true}]}}