{"id":11459,"date":"2026-04-21T11:43:49","date_gmt":"2026-04-21T11:43:49","guid":{"rendered":"https:\/\/gradocau.umh.es\/?p=11459"},"modified":"2026-04-21T11:43:49","modified_gmt":"2026-04-21T11:43:49","slug":"el-grado-en-comunicacion-audiovisual-refuerza-las-competencias-colaborativas-de-su-alumnado-con-un-taller-sobre-inteligencia-emocional-y-gestion-de-proyectos","status":"publish","type":"post","link":"https:\/\/gradocau.umh.es\/en\/2026\/04\/21\/el-grado-en-comunicacion-audiovisual-refuerza-las-competencias-colaborativas-de-su-alumnado-con-un-taller-sobre-inteligencia-emocional-y-gestion-de-proyectos\/","title":{"rendered":"<span lang=\"es\">(Espa\u00f1ol) El Grado en Comunicaci\u00f3n Audiovisual refuerza las competencias colaborativas de su alumnado con un taller sobre inteligencia emocional y gesti\u00f3n de proyectos<\/span>"},"content":{"rendered":"<p class=\"qtranxs-available-languages-message qtranxs-available-languages-message-en\">Sorry, this entry is only available in <a href=\"https:\/\/gradocau.umh.es\/es\/wp-json\/wp\/v2\/posts\/11459\" class=\"qtranxs-available-language-link qtranxs-available-language-link-es\" title=\"Espa\u00f1ol\">European Spanish<\/a>.<\/p>","protected":false},"excerpt":{"rendered":"<p>Sorry, this entry is only available in European Spanish.<\/p>\n","protected":false},"author":2745,"featured_media":0,"comment_status":"closed","ping_status":"open","sticky":false,"template":"","format":"standard","meta":{"_links_to":"","_links_to_target":""},"categories":[112,2,74,280,234,1362733,102,52],"tags":[1530185,1530182,941017,1530188],"_links":{"self":[{"href":"https:\/\/gradocau.umh.es\/en\/wp-json\/wp\/v2\/posts\/11459"}],"collection":[{"href":"https:\/\/gradocau.umh.es\/en\/wp-json\/wp\/v2\/posts"}],"about":[{"href":"https:\/\/gradocau.umh.es\/en\/wp-json\/wp\/v2\/types\/post"}],"author":[{"embeddable":true,"href":"https:\/\/gradocau.umh.es\/en\/wp-json\/wp\/v2\/users\/2745"}],"replies":[{"embeddable":true,"href":"https:\/\/gradocau.umh.es\/en\/wp-json\/wp\/v2\/comments?post=11459"}],"version-history":[{"count":0,"href":"https:\/\/gradocau.umh.es\/en\/wp-json\/wp\/v2\/posts\/11459\/revisions"}],"wp:attachment":[{"href":"https:\/\/gradocau.umh.es\/en\/wp-json\/wp\/v2\/media?parent=11459"}],"wp:term":[{"taxonomy":"category","embeddable":true,"href":"https:\/\/gradocau.umh.es\/en\/wp-json\/wp\/v2\/categories?post=11459"},{"taxonomy":"post_tag","embeddable":true,"href":"https:\/\/gradocau.umh.es\/en\/wp-json\/wp\/v2\/tags?post=11459"}],"curies":[{"name":"wp","href":"https:\/\/api.w.org\/{rel}","templated":true}]}}