{"id":11456,"date":"2026-04-17T10:37:48","date_gmt":"2026-04-17T10:37:48","guid":{"rendered":"https:\/\/gradocau.umh.es\/?p=11456"},"modified":"2026-04-17T10:37:48","modified_gmt":"2026-04-17T10:37:48","slug":"proyeccion-del-documental-la-festa-codirigido-por-el-profesor-pablo-mas-en-el-instituto-cervantes-de-los-angeles","status":"publish","type":"post","link":"https:\/\/gradocau.umh.es\/en\/2026\/04\/17\/proyeccion-del-documental-la-festa-codirigido-por-el-profesor-pablo-mas-en-el-instituto-cervantes-de-los-angeles\/","title":{"rendered":"<span lang=\"es\">(Espa\u00f1ol) Proyecci\u00f3n del documental La Festa, codirigido por el profesor Pablo Mas, en el Instituto Cervantes de Los \u00c1ngeles<\/span>"},"content":{"rendered":"<p class=\"qtranxs-available-languages-message qtranxs-available-languages-message-en\">Sorry, this entry is only available in <a href=\"https:\/\/gradocau.umh.es\/es\/wp-json\/wp\/v2\/posts\/11456\" class=\"qtranxs-available-language-link qtranxs-available-language-link-es\" title=\"Espa\u00f1ol\">European Spanish<\/a>.<\/p>","protected":false},"excerpt":{"rendered":"<p>Sorry, this entry is only available in European Spanish.<\/p>\n","protected":false},"author":2745,"featured_media":0,"comment_status":"closed","ping_status":"open","sticky":false,"template":"","format":"standard","meta":{"_links_to":"","_links_to_target":""},"categories":[2,211,3322,1635,635,19,89,1362733],"tags":[],"_links":{"self":[{"href":"https:\/\/gradocau.umh.es\/en\/wp-json\/wp\/v2\/posts\/11456"}],"collection":[{"href":"https:\/\/gradocau.umh.es\/en\/wp-json\/wp\/v2\/posts"}],"about":[{"href":"https:\/\/gradocau.umh.es\/en\/wp-json\/wp\/v2\/types\/post"}],"author":[{"embeddable":true,"href":"https:\/\/gradocau.umh.es\/en\/wp-json\/wp\/v2\/users\/2745"}],"replies":[{"embeddable":true,"href":"https:\/\/gradocau.umh.es\/en\/wp-json\/wp\/v2\/comments?post=11456"}],"version-history":[{"count":0,"href":"https:\/\/gradocau.umh.es\/en\/wp-json\/wp\/v2\/posts\/11456\/revisions"}],"wp:attachment":[{"href":"https:\/\/gradocau.umh.es\/en\/wp-json\/wp\/v2\/media?parent=11456"}],"wp:term":[{"taxonomy":"category","embeddable":true,"href":"https:\/\/gradocau.umh.es\/en\/wp-json\/wp\/v2\/categories?post=11456"},{"taxonomy":"post_tag","embeddable":true,"href":"https:\/\/gradocau.umh.es\/en\/wp-json\/wp\/v2\/tags?post=11456"}],"curies":[{"name":"wp","href":"https:\/\/api.w.org\/{rel}","templated":true}]}}