{"id":10111,"date":"2024-05-02T09:23:32","date_gmt":"2024-05-02T09:23:32","guid":{"rendered":"https:\/\/gradocau.umh.es\/?p=10111"},"modified":"2024-05-02T09:23:32","modified_gmt":"2024-05-02T09:23:32","slug":"recordatorio-abierta-la-inscripcion-para-la-septima-edicion-del-festival-de-cine-universitario-zoom-in-hasta-el-2-de-junio-de-2024","status":"publish","type":"post","link":"https:\/\/gradocau.umh.es\/en\/2024\/05\/02\/recordatorio-abierta-la-inscripcion-para-la-septima-edicion-del-festival-de-cine-universitario-zoom-in-hasta-el-2-de-junio-de-2024\/","title":{"rendered":"<span lang=\"es\">(Espa\u00f1ol) RECORDATORIO: Abierta la inscripci\u00f3n para la s\u00e9ptima edici\u00f3n del Festival de Cine Universitario \u2018Zoom In\u2019 hasta el 2 de junio de 2024<\/span>"},"content":{"rendered":"<p class=\"qtranxs-available-languages-message qtranxs-available-languages-message-en\">Sorry, this entry is only available in <a href=\"https:\/\/gradocau.umh.es\/es\/wp-json\/wp\/v2\/posts\/10111\" class=\"qtranxs-available-language-link qtranxs-available-language-link-es\" title=\"Espa\u00f1ol\">European Spanish<\/a>.<\/p>","protected":false},"excerpt":{"rendered":"<p>Sorry, this entry is only available in European Spanish.<\/p>\n","protected":false},"author":2745,"featured_media":0,"comment_status":"closed","ping_status":"open","sticky":false,"template":"","format":"standard","meta":{"_links_to":"","_links_to_target":""},"categories":[112,2,211,24,22],"tags":[271],"_links":{"self":[{"href":"https:\/\/gradocau.umh.es\/en\/wp-json\/wp\/v2\/posts\/10111"}],"collection":[{"href":"https:\/\/gradocau.umh.es\/en\/wp-json\/wp\/v2\/posts"}],"about":[{"href":"https:\/\/gradocau.umh.es\/en\/wp-json\/wp\/v2\/types\/post"}],"author":[{"embeddable":true,"href":"https:\/\/gradocau.umh.es\/en\/wp-json\/wp\/v2\/users\/2745"}],"replies":[{"embeddable":true,"href":"https:\/\/gradocau.umh.es\/en\/wp-json\/wp\/v2\/comments?post=10111"}],"version-history":[{"count":0,"href":"https:\/\/gradocau.umh.es\/en\/wp-json\/wp\/v2\/posts\/10111\/revisions"}],"wp:attachment":[{"href":"https:\/\/gradocau.umh.es\/en\/wp-json\/wp\/v2\/media?parent=10111"}],"wp:term":[{"taxonomy":"category","embeddable":true,"href":"https:\/\/gradocau.umh.es\/en\/wp-json\/wp\/v2\/categories?post=10111"},{"taxonomy":"post_tag","embeddable":true,"href":"https:\/\/gradocau.umh.es\/en\/wp-json\/wp\/v2\/tags?post=10111"}],"curies":[{"name":"wp","href":"https:\/\/api.w.org\/{rel}","templated":true}]}}