{"id":985,"date":"2015-11-05T16:31:25","date_gmt":"2015-11-05T16:31:25","guid":{"rendered":"http:\/\/gradocau.umh.es\/?p=985"},"modified":"2016-03-05T17:25:08","modified_gmt":"2016-03-05T17:25:08","slug":"ii-sesion-cicap-presentacion-de-comunicaciones","status":"publish","type":"post","link":"https:\/\/gradocau.umh.es\/ca\/2015\/11\/05\/ii-sesion-cicap-presentacion-de-comunicaciones\/","title":{"rendered":"II SESI\u00d3N CICAP 2015 5 NOVIEMBRE: PRESENTACI\u00d3N DE COMUNICACIONES"},"content":{"rendered":"<p>La segunda jornada de\u00a0La III edici\u00f3n del Congreso \u00a0Internacional de Comunicaci\u00f3n Audiovisual y Publicidad (CICAP 2015) \u00a0continua con las\u00a0presentaciones de comunicaciones\u00a0por parte de investigadores de diferentes universidades espa\u00f1olas. Hoy se presentan las siguientes:<\/p>\n<p>&#8211;\u00a0<strong>Javier Figuero Espadas<\/strong> y <strong>Jorge Miranda<\/strong> (Universidad San Pablo CEU de Madrid) <em>El rol del prosumidor en la expansi\u00f3n narrativa transmedia de las historias de ficci\u00f3n en tv: El caso de El ministerio del tiempo<\/em><\/p>\n<p>&#8211;\u00a0<strong>Elvira Can\u00f3s Cerd\u00e1<\/strong>\u00a0(Universidad Cardenal Herrera CEU <em>La ficci\u00f3n seriada en TVE entre 1956 y 1989<\/em><\/p>\n<p>&#8211;\u00a0<strong>Laura Cort\u00e9s Selva<\/strong> (Universidad Cat\u00f3lica de Murcia) <em>Fotograf\u00eda y series de televisi\u00f3n. Metodolog\u00eda para el an\u00e1lisis del estilo visual televisivo<\/em><\/p>\n<p>&#8211;\u00a0<strong>Jos\u00e9 Mar\u00eda Lozano Maneiro<\/strong> (Universidad de Alcal\u00e1) <em>Serie y tiempo<\/em><\/p>\n<p>&#8211;\u00a0<strong>Cande S\u00e1nchez Olmos<\/strong> y <strong>Tatiana Hidalgo i Mar\u00ed<\/strong> (Universidad de Alicante) <em>Las series espa\u00f1olas en Youtube: comparativa de g\u00e9nero sobre el f\u00e9nomeno fan<\/em><\/p>\n<p>&nbsp;<\/p>\n<p><a href=\"http:\/\/gradocau.umh.es\/files\/2015\/11\/905695_108502756180493_5334391131342524874_o.jpg\"><img loading=\"lazy\" class=\"alignright size-medium wp-image-990\" src=\"http:\/\/gradocau.umh.es\/files\/2015\/11\/905695_108502756180493_5334391131342524874_o-300x200.jpg\" alt=\"905695_108502756180493_5334391131342524874_o\" width=\"300\" height=\"200\" srcset=\"https:\/\/gradocau.umh.es\/files\/2015\/11\/905695_108502756180493_5334391131342524874_o-300x200.jpg 300w, https:\/\/gradocau.umh.es\/files\/2015\/11\/905695_108502756180493_5334391131342524874_o-1024x683.jpg 1024w, https:\/\/gradocau.umh.es\/files\/2015\/11\/905695_108502756180493_5334391131342524874_o.jpg 2048w\" sizes=\"(max-width: 300px) 100vw, 300px\" \/><\/a><\/p>\n<p>&nbsp;<\/p>\n<p>&nbsp;<\/p>\n<p style=\"text-align: right;\"><em>La profesora de la Universidad de Alicante Cande S\u00e1nchez durante su exposici\u00f3n\u00a0<\/em><\/p>\n<p>&nbsp;<\/p>\n<p>&nbsp;<\/p>\n<p>&nbsp;<\/p>\n<p>&nbsp;<\/p>\n<p>&nbsp;<\/p>\n<p>&nbsp;<\/p>\n<p>&#8211; <strong>Mar Chicharro Merayo<\/strong> (Universidad de Burgos) <em>Ficci\u00f3n televisiva para j\u00f3venes: im\u00e1genes y consumo. Una perspectiva de g\u00e9nero<\/em><\/p>\n<p>&#8211;\u00a0<strong>Horacio Mu\u00f1oz Fern\u00e1ndez<\/strong> (Universidad de Salamanca) <em>\u00bfson arte las series de televisi\u00f3n?<\/em><\/p>\n<p>&#8211;\u00a0<strong>Delicia Aguado Pel\u00e1ez<\/strong> y <strong>Patricia Mart\u00ednez<\/strong> (Universidad del Pa\u00eds Vasco) <em>Otro arquetipo femenino es posible. interseccionalidad en Orange is the New Black<\/em><\/p>\n<p>&#8211;\u00a0<strong>V\u00edctor Hern\u00e1ndez de Santaolalla<\/strong> y <strong>Alberto Hermida<\/strong> (Universidad de Sevilla) <em>Empat\u00eda y seducci\u00f3n: Nuevo modelo de representaci\u00f3n del villano en la ficci\u00f3n televisiva<\/em><\/p>\n<p>&nbsp;<\/p>\n<p><a href=\"http:\/\/gradocau.umh.es\/files\/2015\/11\/IMG_6018.jpg\"><img loading=\"lazy\" class=\"alignleft size-medium wp-image-989\" src=\"http:\/\/gradocau.umh.es\/files\/2015\/11\/IMG_6018-300x189.jpg\" alt=\"IMG_6018\" width=\"300\" height=\"189\" srcset=\"https:\/\/gradocau.umh.es\/files\/2015\/11\/IMG_6018-300x189.jpg 300w, https:\/\/gradocau.umh.es\/files\/2015\/11\/IMG_6018-1024x646.jpg 1024w\" sizes=\"(max-width: 300px) 100vw, 300px\" \/><\/a><\/p>\n<p>&nbsp;<\/p>\n<p>&nbsp;<\/p>\n<p>&nbsp;<\/p>\n<p>&nbsp;<\/p>\n<p>&nbsp;<\/p>\n<p><em>V\u00edctor Hern\u00e1ndez de Santaolalla y Alberto Hermida (Universidad de Sevilla) durante su exposici\u00f3n<\/em><\/p>\n","protected":false},"excerpt":{"rendered":"<p>La segunda jornada de\u00a0La III edici\u00f3n del Congreso \u00a0Internacional de Comunicaci\u00f3n Audiovisual y Publicidad (CICAP 2015) \u00a0continua con las\u00a0presentaciones de comunicaciones\u00a0por parte de investigadores de diferentes universidades espa\u00f1olas. Hoy se presentan las siguientes: &#8211;\u00a0Javier Figuero Espadas y Jorge Miranda (Universidad San Pablo CEU de Madrid) El rol del prosumidor en la expansi\u00f3n narrativa transmedia de [&hellip;]<\/p>\n","protected":false},"author":4196,"featured_media":0,"comment_status":"closed","ping_status":"open","sticky":false,"template":"","format":"standard","meta":{"_links_to":"","_links_to_target":""},"categories":[112],"tags":[55,56,57],"_links":{"self":[{"href":"https:\/\/gradocau.umh.es\/ca\/wp-json\/wp\/v2\/posts\/985"}],"collection":[{"href":"https:\/\/gradocau.umh.es\/ca\/wp-json\/wp\/v2\/posts"}],"about":[{"href":"https:\/\/gradocau.umh.es\/ca\/wp-json\/wp\/v2\/types\/post"}],"author":[{"embeddable":true,"href":"https:\/\/gradocau.umh.es\/ca\/wp-json\/wp\/v2\/users\/4196"}],"replies":[{"embeddable":true,"href":"https:\/\/gradocau.umh.es\/ca\/wp-json\/wp\/v2\/comments?post=985"}],"version-history":[{"count":0,"href":"https:\/\/gradocau.umh.es\/ca\/wp-json\/wp\/v2\/posts\/985\/revisions"}],"wp:attachment":[{"href":"https:\/\/gradocau.umh.es\/ca\/wp-json\/wp\/v2\/media?parent=985"}],"wp:term":[{"taxonomy":"category","embeddable":true,"href":"https:\/\/gradocau.umh.es\/ca\/wp-json\/wp\/v2\/categories?post=985"},{"taxonomy":"post_tag","embeddable":true,"href":"https:\/\/gradocau.umh.es\/ca\/wp-json\/wp\/v2\/tags?post=985"}],"curies":[{"name":"wp","href":"https:\/\/api.w.org\/{rel}","templated":true}]}}