{"id":951,"date":"2015-10-21T09:27:28","date_gmt":"2015-10-21T09:27:28","guid":{"rendered":"http:\/\/gradocau.umh.es\/?p=951"},"modified":"2015-10-21T09:29:33","modified_gmt":"2015-10-21T09:29:33","slug":"concurso-cortometrajes-la-ruta-mas-corta","status":"publish","type":"post","link":"https:\/\/gradocau.umh.es\/ca\/2015\/10\/21\/concurso-cortometrajes-la-ruta-mas-corta\/","title":{"rendered":"Concurso Cortometrajes &#8220;La ruta m\u00e1s corta&#8221;"},"content":{"rendered":"<p>\u2018La Ruta M\u00e1s Corta\u2019 nace en 2013 para de celebrar el D\u00eda Internacional del Cortometraje, con el fin de promocionar el cortometraje valenciano y darle una visibilidad que pocas veces existe para este formato.<\/p>\n<p>Consiste en un circuito de proyecciones a lo largo de un d\u00eda de unos 20 cortos, en 4 locales de un barrio de la ciudad de Valencia. El objetivo es acercar el cortometraje a su potencial p\u00fablico en un formato y ambiente no habitual para este tipo de proyecciones. Es por ello que los locales elegidos no son salas de cine, sino espacios alternativos en los que s\u00ed se busca una buena calidad de proyecci\u00f3n.<\/p>\n<p>En esta edici\u00f3n La Ruta M\u00e1s Corta se celebrar\u00e1 el 19 de diciembre en el barrio del Cabanyal.<\/p>\n<p>Toda la informaci\u00f3n en:<br \/>\n<a href=\"http:\/\/larutamascorta.tumblr.com\/\" target=\"_blank\">http:\/\/larutamascorta.tumblr.com\/<\/a><\/p>\n<p>Bases:<br \/>\n<a href=\"https:\/\/drive.google.com\/file\/d\/0BxX9iRQp5lHrS2NoeDg2ZEVOWDA\/view\" target=\"_blank\">https:\/\/drive.google.com\/file\/d\/0BxX9iRQp5lHrS2NoeDg2ZEVOWDA\/view<\/a><\/p>\n","protected":false},"excerpt":{"rendered":"<p>\u2018La Ruta M\u00e1s Corta\u2019 nace en 2013 para de celebrar el D\u00eda Internacional del Cortometraje, con el fin de promocionar el cortometraje valenciano y darle una visibilidad que pocas veces existe para este formato. Consiste en un circuito de proyecciones a lo largo de un d\u00eda de unos 20 cortos, en 4 locales de un [&hellip;]<\/p>\n","protected":false},"author":790,"featured_media":0,"comment_status":"closed","ping_status":"open","sticky":false,"template":"","format":"standard","meta":{"_links_to":"","_links_to_target":""},"categories":[24],"tags":[17],"_links":{"self":[{"href":"https:\/\/gradocau.umh.es\/ca\/wp-json\/wp\/v2\/posts\/951"}],"collection":[{"href":"https:\/\/gradocau.umh.es\/ca\/wp-json\/wp\/v2\/posts"}],"about":[{"href":"https:\/\/gradocau.umh.es\/ca\/wp-json\/wp\/v2\/types\/post"}],"author":[{"embeddable":true,"href":"https:\/\/gradocau.umh.es\/ca\/wp-json\/wp\/v2\/users\/790"}],"replies":[{"embeddable":true,"href":"https:\/\/gradocau.umh.es\/ca\/wp-json\/wp\/v2\/comments?post=951"}],"version-history":[{"count":0,"href":"https:\/\/gradocau.umh.es\/ca\/wp-json\/wp\/v2\/posts\/951\/revisions"}],"wp:attachment":[{"href":"https:\/\/gradocau.umh.es\/ca\/wp-json\/wp\/v2\/media?parent=951"}],"wp:term":[{"taxonomy":"category","embeddable":true,"href":"https:\/\/gradocau.umh.es\/ca\/wp-json\/wp\/v2\/categories?post=951"},{"taxonomy":"post_tag","embeddable":true,"href":"https:\/\/gradocau.umh.es\/ca\/wp-json\/wp\/v2\/tags?post=951"}],"curies":[{"name":"wp","href":"https:\/\/api.w.org\/{rel}","templated":true}]}}