{"id":8355,"date":"2022-05-24T06:49:57","date_gmt":"2022-05-24T06:49:57","guid":{"rendered":"http:\/\/gradocau.umh.es\/?p=8355"},"modified":"2024-03-01T11:34:03","modified_gmt":"2024-03-01T11:34:03","slug":"convocatoria-de-10-becas-para-practicas-en-el-extranjero-santander-internacional-umh","status":"publish","type":"post","link":"https:\/\/gradocau.umh.es\/ca\/2022\/05\/24\/convocatoria-de-10-becas-para-practicas-en-el-extranjero-santander-internacional-umh\/","title":{"rendered":"Convocatoria de 10 Becas para pr\u00e1cticas en el extranjero Santander Internacional UMH"},"content":{"rendered":"<p><a href=\"https:\/\/observatorio.umh.es\/files\/2021\/12\/Logo-Santander-y-Observatorio-UMH.jpg\"><img loading=\"lazy\" class=\"alignleft wp-image-11356\" src=\"https:\/\/observatorio.umh.es\/files\/2021\/12\/Logo-Santander-y-Observatorio-UMH-300x267.jpg\" srcset=\"https:\/\/observatorio.umh.es\/files\/2021\/12\/Logo-Santander-y-Observatorio-UMH-300x267.jpg 300w, https:\/\/observatorio.umh.es\/files\/2021\/12\/Logo-Santander-y-Observatorio-UMH.jpg 452w\" alt=\"\" width=\"287\" height=\"256\" \/><\/a>Ya se pueden consultar las\u00a0<a href=\"https:\/\/observatorio.umh.es\/files\/2022\/03\/12.-RR_01198_2022.-Publicacion-BOUMH.pdf\">Bases de la convocatoria<\/a>\u00a0de<strong>\u00a010 becas de movilidad europea (pr\u00e1cticas)<\/strong>\u00a0en la UMH.<\/p>\n<p><strong>Abierto plazo<\/strong>\u00a0para la inscripci\u00f3n:\u00a0<strong>del 11 de mayo al 31 de mayo de 2022,\u00a0<\/strong>ambos inclusive.<\/p>\n<p><strong>Duraci\u00f3n<\/strong>: 3 meses de duraci\u00f3n<br \/>\n<strong>Remuneraci\u00f3n:<\/strong>\u00a0de 1.000\u20ac Brutos\/mes<br \/>\n<strong>Periodo:<\/strong>\u00a0Primer periodo,\u00a0 julio-agosto-septiembre o, Segundo periodo, octubre-noviembre-diciembre 2022 (2\u00ba periodo para matriculados curso 22\/23).<\/p>\n<p>Para m\u00e1s informaci\u00f3n puedes asistir a los talleres informativos de pr\u00e1cticas y trabajo en el extranjero. Puedes inscribirte en el Observatorio Ocupacional: https:\/\/observatorio.umh.es &gt; Formaci\u00f3n y Actividades &gt;\u00a0<a href=\"https:\/\/ewlumh.umh.es\/pls\/obsweb\/p_peu_inscrip.pre_acceso?pmenu=I\">Inscripcion en Actividades del Observatorio Ocupacional<\/a>. \u00a0En cualquier caso, si tienes inter\u00e9s en participar, puedes cumplimentar este\u00a0<a href=\"https:\/\/forms.gle\/edGm6eFHSLTStFbo7\">formulario de contacto<\/a>\u00a0y nos pondremos en contacto contigo.<\/p>\n<p><strong><span style=\"text-decoration: underline;\">REQUISITOS:<\/span><\/strong><br \/>\nPara optar a las becas, se deben reunir los siguientes requisitos:<\/p>\n<ol>\n<li>Ser estudiante de alguno de los t\u00edtulos oficiales de la UMH (grado, m\u00e1ster y doctorado) durante todo el periodo de realizaci\u00f3n de la pr\u00e1ctica.<\/li>\n<li>Cumplimentar el formulario web publicado en la plataforma del Banco Santander (<a href=\"https:\/\/www.becas-santander.com\/es\/index.html\">becas-santander<\/a>\u00a0\/ bot\u00f3n Pr\u00e1cticas \/ Becas Santander Internacional \/ Universidad Miguel Hern\u00e1ndez de Elche \/ Inscripci\u00f3n), antes de la finalizaci\u00f3n del plazo de presentaci\u00f3n de solicitudes.<\/li>\n<li>Aportar un convenio y\/o anexo de pr\u00e1cticas con la entidad de destino, formalizado a trav\u00e9s del Observatorio Ocupacional de la UMH (instrucciones disponibles en\u00a0<a href=\"https:\/\/observatorio.umh.es\/files\/2016\/10\/01.-Formaliza-tus-practicas-V5-mayo-22.pdf\">https:\/\/observatorio.umh.es\/files\/2016\/10\/01.-Formaliza-tus-practicas-V5-mayo-22.pdf<\/a><\/li>\n<\/ol>\n<p>El estudiantado deber\u00e1 realizar por s\u00ed mismo la b\u00fasqueda de las pr\u00e1cticas en aquellas entidades o instituciones que resulten de su inter\u00e9s y que est\u00e9n dispuestas a aceptarlo.<\/p>\n<p>Para cualquier consulta o aclaraci\u00f3n sobre estas becas puedes contactar con Lola L\u00f3pez, en el correo electr\u00f3nico: d.lopez@umh.es<\/p>\n","protected":false},"excerpt":{"rendered":"<p>Ya se pueden consultar las\u00a0Bases de la convocatoria\u00a0de\u00a010 becas de movilidad europea (pr\u00e1cticas)\u00a0en la UMH. Abierto plazo\u00a0para la inscripci\u00f3n:\u00a0del 11 de mayo al 31 de mayo de 2022,\u00a0ambos inclusive. Duraci\u00f3n: 3 meses de duraci\u00f3n Remuneraci\u00f3n:\u00a0de 1.000\u20ac Brutos\/mes Periodo:\u00a0Primer periodo,\u00a0 julio-agosto-septiembre o, Segundo periodo, octubre-noviembre-diciembre 2022 (2\u00ba periodo para matriculados curso 22\/23). Para m\u00e1s informaci\u00f3n puedes [&hellip;]<\/p>\n","protected":false},"author":1724,"featured_media":0,"comment_status":"closed","ping_status":"open","sticky":false,"template":"","format":"standard","meta":{"_links_to":"","_links_to_target":""},"categories":[10],"tags":[],"_links":{"self":[{"href":"https:\/\/gradocau.umh.es\/ca\/wp-json\/wp\/v2\/posts\/8355"}],"collection":[{"href":"https:\/\/gradocau.umh.es\/ca\/wp-json\/wp\/v2\/posts"}],"about":[{"href":"https:\/\/gradocau.umh.es\/ca\/wp-json\/wp\/v2\/types\/post"}],"author":[{"embeddable":true,"href":"https:\/\/gradocau.umh.es\/ca\/wp-json\/wp\/v2\/users\/1724"}],"replies":[{"embeddable":true,"href":"https:\/\/gradocau.umh.es\/ca\/wp-json\/wp\/v2\/comments?post=8355"}],"version-history":[{"count":0,"href":"https:\/\/gradocau.umh.es\/ca\/wp-json\/wp\/v2\/posts\/8355\/revisions"}],"wp:attachment":[{"href":"https:\/\/gradocau.umh.es\/ca\/wp-json\/wp\/v2\/media?parent=8355"}],"wp:term":[{"taxonomy":"category","embeddable":true,"href":"https:\/\/gradocau.umh.es\/ca\/wp-json\/wp\/v2\/categories?post=8355"},{"taxonomy":"post_tag","embeddable":true,"href":"https:\/\/gradocau.umh.es\/ca\/wp-json\/wp\/v2\/tags?post=8355"}],"curies":[{"name":"wp","href":"https:\/\/api.w.org\/{rel}","templated":true}]}}