{"id":7715,"date":"2022-02-28T06:32:42","date_gmt":"2022-02-28T06:32:42","guid":{"rendered":"http:\/\/gradocau.umh.es\/?p=7715"},"modified":"2022-02-28T06:32:42","modified_gmt":"2022-02-28T06:32:42","slug":"abierta-la-inscripcion-para-la-sexta-edicion-del-festival-de-cine-universitario-zoom-in","status":"publish","type":"post","link":"https:\/\/gradocau.umh.es\/ca\/2022\/02\/28\/abierta-la-inscripcion-para-la-sexta-edicion-del-festival-de-cine-universitario-zoom-in\/","title":{"rendered":"Abierta la inscripci\u00f3n para la sexta edici\u00f3n del Festival de Cine Universitario Zoom In"},"content":{"rendered":"<p><strong>Ya est\u00e1 abierta la inscripci\u00f3n para la sexta edici\u00f3n del Festival de Cine Universitario Zoom In que tiene por objetivo difundir los mejores trabajos de sus estudiantes en el \u00e1mbito del audiovisual y la cinematograf\u00eda.<\/strong><\/p>\n<p>Podr\u00e1 participar el estudiantado matriculado durante el curso 2021\/2022 en los grados de la Facultad de Ciencias Sociales y Jur\u00eddicas de Elche de la Universidad Miguel Hern\u00e1ndez. Podr\u00e1n participar tambi\u00e9n Alumni de estas titulaciones dados de alta como tal y cuya \u00faltima matr\u00edcula haya sido igual o posterior al curso 2019\/2020. Los cortometrajes deben tener una duraci\u00f3n no superior a 15 minutos, cr\u00e9ditos incluidos. La tem\u00e1tica libre contempla la ficci\u00f3n, animaci\u00f3n o documental. La producci\u00f3n del cortometraje debe ser posterior a enero de 2020.<\/p>\n<p><strong>Pueden presentarse trabajos hasta el 1 de junio de 2021<\/strong>. Despu\u00e9s de esta fecha no se admitir\u00e1 ning\u00fan trabajo. El\/los solicitante\/s deben asegurarse de que el enlace es el correcto y funciona. Si el d\u00eda del visionado del jurado no es accesible quedar\u00e1 descalificado sin derecho a reclamar.<\/p>\n<p>Se establece un premio al mejor cortometraje, segundo y tercer premio. El primer y segundo ser\u00e1n exhibidos en la secci\u00f3n no oficial Mostrat Festival Internacional de Cine Independiente de Elche (FICIE), y el tercer premiado siempre que no se superen los 30 minutos de proyecci\u00f3n. Los tres recibir\u00e1n un certificado y un pack de merchandise de la universidad. El jurado igualmente podr\u00e1 establecer un ranking de los siguientes mejores cortos hasta cubrir los 30 minutos de la franja para ser exhibidos de la secci\u00f3n Mostrat.<\/p>\n<p>La actividad cuenta con la colaboraci\u00f3n\u00a0de la Facultad de Ciencias Sociales y Jur\u00eddicas de Elche, el Grado en Comunicaci\u00f3n Audiovisual, Grado en Periodismo, Doble Grado en Comunicaci\u00f3n Audiovisual y Periodismo, Departamento de Ciencias Sociales y Humanas y Festival Internacional de Cine Independiente de Elche. El certamen Zoom In est\u00e1 coordinado por la profesora Montserrat Jurado Mart\u00edn y cuenta en su jurado con docentes y profesionales de los grados implicados.<\/p>\n<p><a href=\"http:\/\/gradocau.umh.es\/files\/2022\/02\/FESTIVAL-ZOOM-IN-2022.pdf\" target=\"_blank\">BASES\u00a0FESTIVAL-ZOOM-IN-2022<\/a>\u00a0(abre en pesta\u00f1a nueva)<\/p>\n<p><a href=\"http:\/\/gradocau.umh.es\/files\/2022\/02\/ZOOM-IN-221.png\"><img loading=\"lazy\" class=\"alignleft size-medium wp-image-7709\" src=\"http:\/\/gradocau.umh.es\/files\/2022\/02\/ZOOM-IN-221-300x211.png\" alt=\"ZOOM IN 22\" width=\"300\" height=\"211\" srcset=\"https:\/\/gradocau.umh.es\/files\/2022\/02\/ZOOM-IN-221-300x211.png 300w, https:\/\/gradocau.umh.es\/files\/2022\/02\/ZOOM-IN-221-1024x721.png 1024w\" sizes=\"(max-width: 300px) 100vw, 300px\" \/><\/a><\/p>\n","protected":false},"excerpt":{"rendered":"<p>Ya est\u00e1 abierta la inscripci\u00f3n para la sexta edici\u00f3n del Festival de Cine Universitario Zoom In que tiene por objetivo difundir los mejores trabajos de sus estudiantes en el \u00e1mbito del audiovisual y la cinematograf\u00eda. Podr\u00e1 participar el estudiantado matriculado durante el curso 2021\/2022 en los grados de la Facultad de Ciencias Sociales y Jur\u00eddicas [&hellip;]<\/p>\n","protected":false},"author":1724,"featured_media":0,"comment_status":"closed","ping_status":"open","sticky":false,"template":"","format":"standard","meta":{"_links_to":"","_links_to_target":""},"categories":[112,285,211,24,380],"tags":[271],"_links":{"self":[{"href":"https:\/\/gradocau.umh.es\/ca\/wp-json\/wp\/v2\/posts\/7715"}],"collection":[{"href":"https:\/\/gradocau.umh.es\/ca\/wp-json\/wp\/v2\/posts"}],"about":[{"href":"https:\/\/gradocau.umh.es\/ca\/wp-json\/wp\/v2\/types\/post"}],"author":[{"embeddable":true,"href":"https:\/\/gradocau.umh.es\/ca\/wp-json\/wp\/v2\/users\/1724"}],"replies":[{"embeddable":true,"href":"https:\/\/gradocau.umh.es\/ca\/wp-json\/wp\/v2\/comments?post=7715"}],"version-history":[{"count":0,"href":"https:\/\/gradocau.umh.es\/ca\/wp-json\/wp\/v2\/posts\/7715\/revisions"}],"wp:attachment":[{"href":"https:\/\/gradocau.umh.es\/ca\/wp-json\/wp\/v2\/media?parent=7715"}],"wp:term":[{"taxonomy":"category","embeddable":true,"href":"https:\/\/gradocau.umh.es\/ca\/wp-json\/wp\/v2\/categories?post=7715"},{"taxonomy":"post_tag","embeddable":true,"href":"https:\/\/gradocau.umh.es\/ca\/wp-json\/wp\/v2\/tags?post=7715"}],"curies":[{"name":"wp","href":"https:\/\/api.w.org\/{rel}","templated":true}]}}