{"id":7697,"date":"2022-02-26T06:29:40","date_gmt":"2022-02-26T06:29:40","guid":{"rendered":"http:\/\/gradocau.umh.es\/?p=7697"},"modified":"2022-02-26T06:29:40","modified_gmt":"2022-02-26T06:29:40","slug":"presenta-tu-corto-sobre-medioambiente-al-concurso-del-programa-el-escarabajo-verde-de-la-2","status":"publish","type":"post","link":"https:\/\/gradocau.umh.es\/ca\/2022\/02\/26\/presenta-tu-corto-sobre-medioambiente-al-concurso-del-programa-el-escarabajo-verde-de-la-2\/","title":{"rendered":"Presenta tu corto sobre medioambiente al concurso del programa &#8216;El escarabajo verde&#8217; de La 2"},"content":{"rendered":"<p><strong>\u00bfTienes entre 18 y 28 a\u00f1os y te encanta grabar con tu c\u00e1mara o m\u00f3vil? Esta es la oportunidad para presentar en televisi\u00f3n tu talento. Para celebrar su 25 aniversario, \u2018El escarabajo verde\u2019 organiza el primer certamen de cortometrajes sobre tem\u00e1tica medioambiental destinado a j\u00f3venes. El hist\u00f3rico programa de La 2 quiere que sean los nuevos talentos quienes fomenten la conciencia medioambiental a trav\u00e9s de sus creaciones. \u00bfEl premio? \u00a1Los mejores trabajos se emitir\u00e1n en junio!<\/strong><\/p>\n<p>Puedes consultar toda informaci\u00f3n necesaria para participar en las Bases del Concurso pero te las resumimos a continuaci\u00f3n para que no se te escape nada:<\/p>\n<p style=\"padding-left: 30px;\"><strong>\u00bfQui\u00e9n puede participar?<\/strong><br \/>\nLos<strong> j\u00f3venes de entre 18 y 28 a\u00f1os de nacionalidad espa\u00f1ola o extranjera que residen en Espa\u00f1a<\/strong>.<\/p>\n<p style=\"padding-left: 30px;\"><strong>\u00bfCu\u00e1ndo y c\u00f3mo participar?<\/strong><br \/>\nLos trabajos deben haber sido realizados despu\u00e9s del 1 de enero de 2021 y <strong>la convocatoria permanecer\u00e1 abierta hasta el 1 de abril de 2022<\/strong>. Se admitir\u00e1n hasta dos cortometrajes por participante.<\/p>\n<p style=\"padding-left: 30px;\">Los cortos originales se enviar\u00e1n junto a un formulario de participaci\u00f3n a trav\u00e9s de la plataforma Wetransfer al correo del programa cortosescarabajo@gmail.com \u2018El escarabajo verde\u2019 se pondr\u00e1 en contacto con las personas de los cortometrajes seleccionados para pedirles una copia de mayor calidad.<\/p>\n<p><strong>Si quieres participar, consulta las <a href=\"chrome-extension:\/\/efaidnbmnnnibpcajpcglclefindmkaj\/viewer.html?pdfurl=https%3A%2F%2Fwww.rtve.es%2Fcontenidos%2Fescarabajo_verde%2FBases_concurso_cortos_escarabajo_verde.pdf&amp;clen=235139&amp;chunk=true\" target=\"_blank\">Bases del Concurso<\/a>\u00a0<\/strong>(abre en pesta\u00f1a nueva)<\/p>\n<p><strong>M\u00e1s informaci\u00f3n en su web: <a href=\"https:\/\/www.rtve.es\/television\/20220118\/presenta-cortometraje-concurso-escarabajo-verde\/2259920.shtml?fbclid=IwAR08grU9IOtMfSfo2EUK8eKk7DRzim8HcGacptniPmyG9IR_lmZre9oP68w\" target=\"_blank\">Concurso El Escarabajo Verde<\/a>\u00a0<\/strong>(abre en pesta\u00f1a nueva)<\/p>\n<p><a href=\"http:\/\/gradocau.umh.es\/files\/2022\/02\/concurso-escarabajo-verde.png\"><img loading=\"lazy\" class=\"alignleft  wp-image-7700\" src=\"http:\/\/gradocau.umh.es\/files\/2022\/02\/concurso-escarabajo-verde-300x169.png\" alt=\"concurso escarabajo verde\" width=\"359\" height=\"202\" srcset=\"https:\/\/gradocau.umh.es\/files\/2022\/02\/concurso-escarabajo-verde-300x169.png 300w, https:\/\/gradocau.umh.es\/files\/2022\/02\/concurso-escarabajo-verde-1024x575.png 1024w\" sizes=\"(max-width: 359px) 100vw, 359px\" \/><\/a><\/p>\n","protected":false},"excerpt":{"rendered":"<p>\u00bfTienes entre 18 y 28 a\u00f1os y te encanta grabar con tu c\u00e1mara o m\u00f3vil? Esta es la oportunidad para presentar en televisi\u00f3n tu talento. Para celebrar su 25 aniversario, \u2018El escarabajo verde\u2019 organiza el primer certamen de cortometrajes sobre tem\u00e1tica medioambiental destinado a j\u00f3venes. El hist\u00f3rico programa de La 2 quiere que sean los [&hellip;]<\/p>\n","protected":false},"author":1724,"featured_media":0,"comment_status":"closed","ping_status":"open","sticky":false,"template":"","format":"standard","meta":{"_links_to":"","_links_to_target":""},"categories":[285,211,24,380],"tags":[383],"_links":{"self":[{"href":"https:\/\/gradocau.umh.es\/ca\/wp-json\/wp\/v2\/posts\/7697"}],"collection":[{"href":"https:\/\/gradocau.umh.es\/ca\/wp-json\/wp\/v2\/posts"}],"about":[{"href":"https:\/\/gradocau.umh.es\/ca\/wp-json\/wp\/v2\/types\/post"}],"author":[{"embeddable":true,"href":"https:\/\/gradocau.umh.es\/ca\/wp-json\/wp\/v2\/users\/1724"}],"replies":[{"embeddable":true,"href":"https:\/\/gradocau.umh.es\/ca\/wp-json\/wp\/v2\/comments?post=7697"}],"version-history":[{"count":0,"href":"https:\/\/gradocau.umh.es\/ca\/wp-json\/wp\/v2\/posts\/7697\/revisions"}],"wp:attachment":[{"href":"https:\/\/gradocau.umh.es\/ca\/wp-json\/wp\/v2\/media?parent=7697"}],"wp:term":[{"taxonomy":"category","embeddable":true,"href":"https:\/\/gradocau.umh.es\/ca\/wp-json\/wp\/v2\/categories?post=7697"},{"taxonomy":"post_tag","embeddable":true,"href":"https:\/\/gradocau.umh.es\/ca\/wp-json\/wp\/v2\/tags?post=7697"}],"curies":[{"name":"wp","href":"https:\/\/api.w.org\/{rel}","templated":true}]}}