{"id":7583,"date":"2022-02-17T15:29:42","date_gmt":"2022-02-17T15:29:42","guid":{"rendered":"http:\/\/gradocau.umh.es\/?p=7583"},"modified":"2022-02-17T15:29:42","modified_gmt":"2022-02-17T15:29:42","slug":"la-5a-edicion-del-congreso-de-fotografia-contemporanea-bephoto-tendra-lugar-los-dias-3-4-y-5-de-marzo-de-2022","status":"publish","type":"post","link":"https:\/\/gradocau.umh.es\/ca\/2022\/02\/17\/la-5a-edicion-del-congreso-de-fotografia-contemporanea-bephoto-tendra-lugar-los-dias-3-4-y-5-de-marzo-de-2022\/","title":{"rendered":"La 5\u00aa edici\u00f3n del congreso de fotograf\u00eda contempor\u00e1nea BePhoto tendr\u00e1 lugar los d\u00edas 3, 4 y 5 de marzo de 2022"},"content":{"rendered":"<p><a href=\"http:\/\/gradocau.umh.es\/files\/2022\/02\/CARTEL-BEPHOTO-2022.png\"><img loading=\"lazy\" class=\" size-medium wp-image-7586 alignnone\" src=\"http:\/\/gradocau.umh.es\/files\/2022\/02\/CARTEL-BEPHOTO-2022-211x300.png\" alt=\"CARTEL BEPHOTO 2022\" width=\"211\" height=\"300\" srcset=\"https:\/\/gradocau.umh.es\/files\/2022\/02\/CARTEL-BEPHOTO-2022-211x300.png 211w, https:\/\/gradocau.umh.es\/files\/2022\/02\/CARTEL-BEPHOTO-2022-722x1024.png 722w, https:\/\/gradocau.umh.es\/files\/2022\/02\/CARTEL-BEPHOTO-2022.png 1199w\" sizes=\"(max-width: 211px) 100vw, 211px\" \/><\/a><\/p>\n<p><strong>El MUA Museo de Arte de la universidad de Alicante y el MACA (Museo de Arte Contempor\u00e1neo de Alicante) acogen una serie de conferencias, exposiciones y actividades en torno a la fotograf\u00eda contempor\u00e1nea.\u00a0<\/strong><\/p>\n<p>BEPHOTO Congreso Internacional de Fotograf\u00eda Contempor\u00e1nea, nace como una iniciativa sat\u00e9lite de PHOTOALICANTE Festival Internacional de Fotograf\u00eda que busca trazar v\u00ednculos entre la reflexi\u00f3n acad\u00e9mica y la praxis profesional y art\u00edstica.<\/p>\n<p>Las actividades del congreso BePhoto, en colaboraci\u00f3n con la Facultad de Ciencias Sociales y Jur\u00eddicas de Elche, se dirigen especialmente a los estudiantes de los grados de Comunicaci\u00f3n y el doble Grado de Comunicaci\u00f3n Audiovisual y Periodismo.<\/p>\n<p>Propuestas especialmente interesantes para los alumnos de Fotoperiodismo y Expresi\u00f3n Fotogr\u00e1fica de ambas titulaciones son:<\/p>\n<p style=\"padding-left: 30px;\"><b>LISL STEINER<br \/>\nConferencia y exposici\u00f3n: The Intuitive Lens\u00a0<\/b><br \/>\nMuseo de la Universidad de Alicante \u2013 MUA<br \/>\nJueves 3 de marzo de 2022 \/ 18.00h.<\/p>\n<p>Lisl Steiner es una fotoperiodista pionera que atraves\u00f3 con sus im\u00e1genes un parte importante del siglo XX. En esta conferencia a modo de charla abierta, nos contar\u00e1 su vida y el encuentro durante d\u00e9cadas a nivel personal y profesional con la imagen fotogr\u00e1fica.<\/p>\n<p style=\"padding-left: 30px;\"><b>EDUARDO D\u2019ACOSTA \/ SEMA D\u2019ACOSTA<br \/>\nConferencia: D\u00f3nde estamos\u00a0 hacia d\u00f3nde vamos. Fotograf\u00eda espa\u00f1ola actual (2020-2015)<\/b><br \/>\nMuseo de Arte Contempor\u00e1neo de Alicante \u2013 MACA<br \/>\nViernes 4 de marzo de 2022 \/ 18:00hrs.<\/p>\n<p>Todos los interesados pueden consultar el programa en la web del congreso\u00a0<a href=\"https:\/\/bephoto.org\/\" target=\"_blank\" data-saferedirecturl=\"https:\/\/www.google.com\/url?q=https:\/\/bephoto.org\/&amp;source=gmail&amp;ust=1645197534991000&amp;usg=AOvVaw2WvgFYPcg3NdInRuH8CJUX\">BePhoto<\/a>\u00a0(abre en pesta\u00f1a nueva).<\/p>\n<p>&nbsp;<\/p>\n","protected":false},"excerpt":{"rendered":"<p>El MUA Museo de Arte de la universidad de Alicante y el MACA (Museo de Arte Contempor\u00e1neo de Alicante) acogen una serie de conferencias, exposiciones y actividades en torno a la fotograf\u00eda contempor\u00e1nea.\u00a0 BEPHOTO Congreso Internacional de Fotograf\u00eda Contempor\u00e1nea, nace como una iniciativa sat\u00e9lite de PHOTOALICANTE Festival Internacional de Fotograf\u00eda que busca trazar v\u00ednculos entre [&hellip;]<\/p>\n","protected":false},"author":1724,"featured_media":0,"comment_status":"closed","ping_status":"open","sticky":false,"template":"","format":"standard","meta":{"_links_to":"","_links_to_target":""},"categories":[112,224,285,264],"tags":[310],"_links":{"self":[{"href":"https:\/\/gradocau.umh.es\/ca\/wp-json\/wp\/v2\/posts\/7583"}],"collection":[{"href":"https:\/\/gradocau.umh.es\/ca\/wp-json\/wp\/v2\/posts"}],"about":[{"href":"https:\/\/gradocau.umh.es\/ca\/wp-json\/wp\/v2\/types\/post"}],"author":[{"embeddable":true,"href":"https:\/\/gradocau.umh.es\/ca\/wp-json\/wp\/v2\/users\/1724"}],"replies":[{"embeddable":true,"href":"https:\/\/gradocau.umh.es\/ca\/wp-json\/wp\/v2\/comments?post=7583"}],"version-history":[{"count":0,"href":"https:\/\/gradocau.umh.es\/ca\/wp-json\/wp\/v2\/posts\/7583\/revisions"}],"wp:attachment":[{"href":"https:\/\/gradocau.umh.es\/ca\/wp-json\/wp\/v2\/media?parent=7583"}],"wp:term":[{"taxonomy":"category","embeddable":true,"href":"https:\/\/gradocau.umh.es\/ca\/wp-json\/wp\/v2\/categories?post=7583"},{"taxonomy":"post_tag","embeddable":true,"href":"https:\/\/gradocau.umh.es\/ca\/wp-json\/wp\/v2\/tags?post=7583"}],"curies":[{"name":"wp","href":"https:\/\/api.w.org\/{rel}","templated":true}]}}