{"id":7439,"date":"2022-01-24T08:32:25","date_gmt":"2022-01-24T08:32:25","guid":{"rendered":"http:\/\/gradocau.umh.es\/?p=7439"},"modified":"2022-01-24T08:32:25","modified_gmt":"2022-01-24T08:32:25","slug":"el-profesor-de-la-umh-guillermo-lopez-aliaga-participa-en-un-coloquio-sobre-montaje-cinematografico-en-la-academia-de-cine","status":"publish","type":"post","link":"https:\/\/gradocau.umh.es\/ca\/2022\/01\/24\/el-profesor-de-la-umh-guillermo-lopez-aliaga-participa-en-un-coloquio-sobre-montaje-cinematografico-en-la-academia-de-cine\/","title":{"rendered":"El profesor de la UMH Guillermo L\u00f3pez Aliaga participa en un coloquio sobre montaje cinematogr\u00e1fico en la Academia de Cine"},"content":{"rendered":"<p><a href=\"http:\/\/gradocau.umh.es\/files\/2022\/01\/20220121_084921.jpg\"><img loading=\"lazy\" class=\" size-medium wp-image-7442 alignnone\" src=\"http:\/\/gradocau.umh.es\/files\/2022\/01\/20220121_084921-300x169.jpg\" alt=\"20220121_084921\" width=\"300\" height=\"169\" srcset=\"https:\/\/gradocau.umh.es\/files\/2022\/01\/20220121_084921-300x169.jpg 300w, https:\/\/gradocau.umh.es\/files\/2022\/01\/20220121_084921-1024x576.jpg 1024w, https:\/\/gradocau.umh.es\/files\/2022\/01\/20220121_084921.jpg 1134w\" sizes=\"(max-width: 300px) 100vw, 300px\" \/><\/a><\/p>\n<p><strong>\u2018Los oficios del cine: Montaje\u2019 es el t\u00edtulo del ciclo en el que particip\u00f3 el jueves, 20 de enero, el docente e investigador del Departamento de Arte y Director de la Escuela de Cine de la Universidad Miguel Hern\u00e1ndez de Elche Guillermo L\u00f3pez Aliaga. La actividad, organizada por la Fundaci\u00f3n Academia de Cine, consisti\u00f3 en el visionado de la pel\u00edcula \u2018Solos en la madrugada\u2019, dirigida por Jos\u00e9 Luis Garci, adem\u00e1s de un coloquio posterior en el que L\u00f3pez Aliaga intervino junto al montador de la pel\u00edcula Miguel Gonz\u00e1lez Sinde. El acto se celebr\u00f3 a las 19:00 horas en la Academia de las Artes y las Ciencias Cinematogr\u00e1ficas de Espa\u00f1a, ubicada en Madrid.<\/strong><\/p>\n<p>Miguel Gonz\u00e1lez Sinde ha sido colaborador habitual en las pel\u00edculas de Jos\u00e9 Luis Garci, con el que ha montado m\u00e1s de quince t\u00edtulos, entre los que cabe destacar \u201cAsignatura pendiente\u201d, \u201cSolos en la Madrugada\u201d, \u201cEl abuelo\u201d o \u201cVolver a empezar\u201d, con la que obtuvieron el primer Oscar para una producci\u00f3n espa\u00f1ola en la categor\u00eda de mejor pel\u00edcula de habla no inglesa en el a\u00f1o 1983. Por su parte, L\u00f3pez Aliaga, imparte la asignatura Teor\u00eda y Pr\u00e1ctica de la Edici\u00f3n el Montaje en el Grado en Comunicaci\u00f3n Audiovisual de la UMH y como miembro del Grupo de Investigaci\u00f3n Massiva, del \u00c1rea de Est\u00e9tica y Teor\u00eda de las Artes, realiza actualmente numerosos proyectos de investigaci\u00f3n relacionados con el montaje cinematogr\u00e1fico.<\/p>\n<p>El coloquio fue moderado por los tambi\u00e9n montadores Pablo Blanco, ganador de tres Premios Goya al Mejor montaje por \u201cAirbag\u201d (1997), \u201cNo habr\u00e1 paz para los malvados\u201d (2011) y \u201cLas brujas de Zugarramurdi\u201d (2013), y Teresa Font, ganadora de dos Premios Goya al Mejor montaje por \u201cD\u00edas contados\u201d (1994) \u201cDolor y gloria\u201d (2019).<\/p>\n<p><a title=\"https:\/\/www.academiadecine.com\/actividades\/los-oficios-del-cine-montaje-%C2%B7-solos-en-la-madrugada\/\" href=\"https:\/\/www.academiadecine.com\/actividades\/los-oficios-del-cine-montaje-%C2%B7-solos-en-la-madrugada\/\" target=\"_blank\">https:\/\/www.academiadecine.com\/actividades\/los-oficios-del-cine-montaje-%C2%B7-solos-en-la-madrugada\/<\/a><\/p>\n<p><a href=\"http:\/\/gradocau.umh.es\/files\/2022\/01\/20220120_235315.jpg\"><img loading=\"lazy\" class=\"alignleft size-medium wp-image-7445\" src=\"http:\/\/gradocau.umh.es\/files\/2022\/01\/20220120_235315-300x174.jpg\" alt=\"20220120_235315\" width=\"300\" height=\"174\" srcset=\"https:\/\/gradocau.umh.es\/files\/2022\/01\/20220120_235315-300x174.jpg 300w, https:\/\/gradocau.umh.es\/files\/2022\/01\/20220120_235315-1024x595.jpg 1024w, https:\/\/gradocau.umh.es\/files\/2022\/01\/20220120_235315.jpg 1600w\" sizes=\"(max-width: 300px) 100vw, 300px\" \/><\/a><\/p>\n<p>&nbsp;<\/p>\n","protected":false},"excerpt":{"rendered":"<p>\u2018Los oficios del cine: Montaje\u2019 es el t\u00edtulo del ciclo en el que particip\u00f3 el jueves, 20 de enero, el docente e investigador del Departamento de Arte y Director de la Escuela de Cine de la Universidad Miguel Hern\u00e1ndez de Elche Guillermo L\u00f3pez Aliaga. La actividad, organizada por la Fundaci\u00f3n Academia de Cine, consisti\u00f3 en [&hellip;]<\/p>\n","protected":false},"author":1724,"featured_media":0,"comment_status":"closed","ping_status":"open","sticky":false,"template":"","format":"standard","meta":{"_links_to":"","_links_to_target":""},"categories":[211,365],"tags":[],"_links":{"self":[{"href":"https:\/\/gradocau.umh.es\/ca\/wp-json\/wp\/v2\/posts\/7439"}],"collection":[{"href":"https:\/\/gradocau.umh.es\/ca\/wp-json\/wp\/v2\/posts"}],"about":[{"href":"https:\/\/gradocau.umh.es\/ca\/wp-json\/wp\/v2\/types\/post"}],"author":[{"embeddable":true,"href":"https:\/\/gradocau.umh.es\/ca\/wp-json\/wp\/v2\/users\/1724"}],"replies":[{"embeddable":true,"href":"https:\/\/gradocau.umh.es\/ca\/wp-json\/wp\/v2\/comments?post=7439"}],"version-history":[{"count":0,"href":"https:\/\/gradocau.umh.es\/ca\/wp-json\/wp\/v2\/posts\/7439\/revisions"}],"wp:attachment":[{"href":"https:\/\/gradocau.umh.es\/ca\/wp-json\/wp\/v2\/media?parent=7439"}],"wp:term":[{"taxonomy":"category","embeddable":true,"href":"https:\/\/gradocau.umh.es\/ca\/wp-json\/wp\/v2\/categories?post=7439"},{"taxonomy":"post_tag","embeddable":true,"href":"https:\/\/gradocau.umh.es\/ca\/wp-json\/wp\/v2\/tags?post=7439"}],"curies":[{"name":"wp","href":"https:\/\/api.w.org\/{rel}","templated":true}]}}