{"id":7010,"date":"2021-11-05T09:37:09","date_gmt":"2021-11-05T09:37:09","guid":{"rendered":"http:\/\/gradocau.umh.es\/?p=7010"},"modified":"2021-11-09T09:42:28","modified_gmt":"2021-11-09T09:42:28","slug":"celebracion-del-i-seminario-de-movilidad-erasmus-sicue-y-destino-curso-2021-2022","status":"publish","type":"post","link":"https:\/\/gradocau.umh.es\/ca\/2021\/11\/05\/celebracion-del-i-seminario-de-movilidad-erasmus-sicue-y-destino-curso-2021-2022\/","title":{"rendered":"Celebraci\u00f3n del I Seminario de Movilidad ERASMUS+, SICUE y DESTINO curso 2021-2022"},"content":{"rendered":"<p><a href=\"http:\/\/gradocau.umh.es\/files\/2021\/11\/IMG_6444.jpg\"><img loading=\"lazy\" class=\"alignnone size-medium wp-image-7013\" src=\"http:\/\/gradocau.umh.es\/files\/2021\/11\/IMG_6444-300x169.jpg\" alt=\"IMG_6444\" width=\"300\" height=\"169\" srcset=\"https:\/\/gradocau.umh.es\/files\/2021\/11\/IMG_6444-300x169.jpg 300w, https:\/\/gradocau.umh.es\/files\/2021\/11\/IMG_6444-1024x576.jpg 1024w\" sizes=\"(max-width: 300px) 100vw, 300px\" \/><\/a><\/p>\n<p>El pasado mi\u00e9rcoles 3 de noviembre de 2021 se celebro el I Seminario de Movilidad Erasmus+, SICUE y DESTINO del curso 2021-2022 con gran asistencia por parte del estudiantado del Grado en Comunicaci\u00f3n Audiovisual.<\/p>\n<p>Estas sesiones est\u00e1n destinadas a promover la movilidad entre el estudiantado del Grado en Comunicaci\u00f3n Audiovisual, as\u00ed como de facilitar el contacto con las y los estudiantes que se encuentran actualmente en las universidades de destino realizando sus estancias de movilidad dentro de estos programas.<\/p>\n<p>En esta ocasi\u00f3n, en las sesiones participaron estudiantes desde Madrid, Plymouth, Bolonia y N\u00e1poles.<\/p>\n","protected":false},"excerpt":{"rendered":"<p>El pasado mi\u00e9rcoles 3 de noviembre de 2021 se celebro el I Seminario de Movilidad Erasmus+, SICUE y DESTINO del curso 2021-2022 con gran asistencia por parte del estudiantado del Grado en Comunicaci\u00f3n Audiovisual. Estas sesiones est\u00e1n destinadas a promover la movilidad entre el estudiantado del Grado en Comunicaci\u00f3n Audiovisual, as\u00ed como de facilitar el [&hellip;]<\/p>\n","protected":false},"author":2745,"featured_media":0,"comment_status":"closed","ping_status":"open","sticky":false,"template":"","format":"standard","meta":{"_links_to":"","_links_to_target":""},"categories":[112,237,102],"tags":[43,37,341,48],"_links":{"self":[{"href":"https:\/\/gradocau.umh.es\/ca\/wp-json\/wp\/v2\/posts\/7010"}],"collection":[{"href":"https:\/\/gradocau.umh.es\/ca\/wp-json\/wp\/v2\/posts"}],"about":[{"href":"https:\/\/gradocau.umh.es\/ca\/wp-json\/wp\/v2\/types\/post"}],"author":[{"embeddable":true,"href":"https:\/\/gradocau.umh.es\/ca\/wp-json\/wp\/v2\/users\/2745"}],"replies":[{"embeddable":true,"href":"https:\/\/gradocau.umh.es\/ca\/wp-json\/wp\/v2\/comments?post=7010"}],"version-history":[{"count":0,"href":"https:\/\/gradocau.umh.es\/ca\/wp-json\/wp\/v2\/posts\/7010\/revisions"}],"wp:attachment":[{"href":"https:\/\/gradocau.umh.es\/ca\/wp-json\/wp\/v2\/media?parent=7010"}],"wp:term":[{"taxonomy":"category","embeddable":true,"href":"https:\/\/gradocau.umh.es\/ca\/wp-json\/wp\/v2\/categories?post=7010"},{"taxonomy":"post_tag","embeddable":true,"href":"https:\/\/gradocau.umh.es\/ca\/wp-json\/wp\/v2\/tags?post=7010"}],"curies":[{"name":"wp","href":"https:\/\/api.w.org\/{rel}","templated":true}]}}