{"id":6889,"date":"2021-10-21T10:01:59","date_gmt":"2021-10-21T10:01:59","guid":{"rendered":"http:\/\/gradocau.umh.es\/?p=6889"},"modified":"2021-10-21T10:03:19","modified_gmt":"2021-10-21T10:03:19","slug":"presentacion-de-los-documentales-alicante-herencia-mediterranea-y-kambana-para-estudiantado-de-segundo-curso-del-grado-en-comunicacion-audiovisual","status":"publish","type":"post","link":"https:\/\/gradocau.umh.es\/ca\/2021\/10\/21\/presentacion-de-los-documentales-alicante-herencia-mediterranea-y-kambana-para-estudiantado-de-segundo-curso-del-grado-en-comunicacion-audiovisual\/","title":{"rendered":"Presentaci\u00f3n de los documentales \u201cAlicante: Herencia Mediterr\u00e1nea\u201d y \u201cKambana\u201d para estudiantado de segundo curso del Grado en Comunicaci\u00f3n Audiovisual"},"content":{"rendered":"<p><a href=\"http:\/\/gradocau.umh.es\/files\/2021\/10\/20211020_185458.jpeg\"><img loading=\"lazy\" class=\"alignnone wp-image-6892 size-medium\" src=\"http:\/\/gradocau.umh.es\/files\/2021\/10\/20211020_185458-300x169.jpeg\" alt=\"20211020_185458\" width=\"300\" height=\"169\" srcset=\"https:\/\/gradocau.umh.es\/files\/2021\/10\/20211020_185458-300x169.jpeg 300w, https:\/\/gradocau.umh.es\/files\/2021\/10\/20211020_185458-1024x576.jpeg 1024w, https:\/\/gradocau.umh.es\/files\/2021\/10\/20211020_185458.jpeg 1280w\" sizes=\"(max-width: 300px) 100vw, 300px\" \/><\/a><\/p>\n<p><strong>Ayer mi\u00e9rcoles por la tarde, en el marco de la asignatura de 2\u00ba curso del grado en Comunicaci\u00f3n Audiovisual, Teor\u00eda y Pr\u00e1ctica de la Edici\u00f3n y el Montaje, tuvo lugar una sesi\u00f3n de presentaci\u00f3n de proyectos documentales para el estudiantado de esta asignatura. La jornada cont\u00f3 con la participaci\u00f3n de Rafael Bonet, operador de equipos en la Diputaci\u00f3n de Alicante, y alumno egresado de la UMH, quien present\u00f3 el \u00faltimo documental en el que ha participado, titulado \u201cAlicante: Herencia Mediterr\u00e1nea. Paisajes infinitos en el plato\u201d, y Samuel Pastor, filmmaker alicantino, quien present\u00f3 su obra \u201cKambana\u201d, rodado en Madagascar en 2016.<\/strong><\/p>\n<p>Tras la proyecci\u00f3n de la pel\u00edcula, los autores, participaron en un coloquio con los estudiantes de la UMH, en el que se trataron detalles relativos al rodaje y montaje de las obras.<\/p>\n<p>La jornada estuvo organizada por el profesor del \u00c1rea de Est\u00e9tica y Teor\u00eda de las Artes del Departamento de Arte, Guillermo L\u00f3pez Aliaga.<\/p>\n<p><img loading=\"lazy\" class=\"alignleft  wp-image-6895\" src=\"http:\/\/gradocau.umh.es\/files\/2021\/10\/IMG_2938-300x200.jpeg\" alt=\"IMG_2938\" width=\"254\" height=\"169\" srcset=\"https:\/\/gradocau.umh.es\/files\/2021\/10\/IMG_2938-300x200.jpeg 300w, https:\/\/gradocau.umh.es\/files\/2021\/10\/IMG_2938-1024x682.jpeg 1024w, https:\/\/gradocau.umh.es\/files\/2021\/10\/IMG_2938.jpeg 1280w\" sizes=\"(max-width: 254px) 100vw, 254px\" \/>\u00a0<a href=\"http:\/\/gradocau.umh.es\/files\/2021\/10\/IMG_2955.jpeg\"><img loading=\"lazy\" class=\"  wp-image-6898 alignleft\" src=\"http:\/\/gradocau.umh.es\/files\/2021\/10\/IMG_2955-300x200.jpeg\" alt=\"IMG_2955\" width=\"254\" height=\"169\" srcset=\"https:\/\/gradocau.umh.es\/files\/2021\/10\/IMG_2955-300x200.jpeg 300w, https:\/\/gradocau.umh.es\/files\/2021\/10\/IMG_2955-1024x682.jpeg 1024w, https:\/\/gradocau.umh.es\/files\/2021\/10\/IMG_2955.jpeg 1280w\" sizes=\"(max-width: 254px) 100vw, 254px\" \/><\/a><\/p>\n","protected":false},"excerpt":{"rendered":"<p>Ayer mi\u00e9rcoles por la tarde, en el marco de la asignatura de 2\u00ba curso del grado en Comunicaci\u00f3n Audiovisual, Teor\u00eda y Pr\u00e1ctica de la Edici\u00f3n y el Montaje, tuvo lugar una sesi\u00f3n de presentaci\u00f3n de proyectos documentales para el estudiantado de esta asignatura. La jornada cont\u00f3 con la participaci\u00f3n de Rafael Bonet, operador de equipos [&hellip;]<\/p>\n","protected":false},"author":1724,"featured_media":0,"comment_status":"closed","ping_status":"open","sticky":false,"template":"","format":"standard","meta":{"_links_to":"","_links_to_target":""},"categories":[235,211,207,81],"tags":[],"_links":{"self":[{"href":"https:\/\/gradocau.umh.es\/ca\/wp-json\/wp\/v2\/posts\/6889"}],"collection":[{"href":"https:\/\/gradocau.umh.es\/ca\/wp-json\/wp\/v2\/posts"}],"about":[{"href":"https:\/\/gradocau.umh.es\/ca\/wp-json\/wp\/v2\/types\/post"}],"author":[{"embeddable":true,"href":"https:\/\/gradocau.umh.es\/ca\/wp-json\/wp\/v2\/users\/1724"}],"replies":[{"embeddable":true,"href":"https:\/\/gradocau.umh.es\/ca\/wp-json\/wp\/v2\/comments?post=6889"}],"version-history":[{"count":0,"href":"https:\/\/gradocau.umh.es\/ca\/wp-json\/wp\/v2\/posts\/6889\/revisions"}],"wp:attachment":[{"href":"https:\/\/gradocau.umh.es\/ca\/wp-json\/wp\/v2\/media?parent=6889"}],"wp:term":[{"taxonomy":"category","embeddable":true,"href":"https:\/\/gradocau.umh.es\/ca\/wp-json\/wp\/v2\/categories?post=6889"},{"taxonomy":"post_tag","embeddable":true,"href":"https:\/\/gradocau.umh.es\/ca\/wp-json\/wp\/v2\/tags?post=6889"}],"curies":[{"name":"wp","href":"https:\/\/api.w.org\/{rel}","templated":true}]}}