{"id":643,"date":"2015-05-15T11:33:58","date_gmt":"2015-05-15T11:33:58","guid":{"rendered":"http:\/\/gradocau.umh.es\/?p=643"},"modified":"2016-03-06T10:02:19","modified_gmt":"2016-03-06T10:02:19","slug":"dos-alumnos-de-comunicacion-audiovisual-de-la-umh-ganan-el-festival-vlc-negra-60ennegro","status":"publish","type":"post","link":"https:\/\/gradocau.umh.es\/ca\/2015\/05\/15\/dos-alumnos-de-comunicacion-audiovisual-de-la-umh-ganan-el-festival-vlc-negra-60ennegro\/","title":{"rendered":"Dos alumnos de Comunicaci\u00f3n Audiovisual de la UMH ganan el festival VLC NEGRA #60EnNegro"},"content":{"rendered":"<div>Sandra Galva\u00f1, de 22 a\u00f1os, y Guillem Pons, de 23, residentes en Aspe y Santa Pola\u00a0(Alicante) y estudiantes de CAU de la UMH, son los ganadores de la segunda edici\u00f3n del certamen de cortos #60EnNegro, que se celebra dentro del festival VLC NEGRA. <em>P\u00f3ker de Ases<\/em>, de un minuto de duraci\u00f3n, narra la venganza que un hombre lleva a cabo contra el grupo de delincuentes que mataron a su hijo. Est\u00e1 rodado en blanco y negro y no tiene di\u00e1logos.<\/div>\n<div>\n<p>&nbsp;<\/p>\n<p>Sandra y Guillem, estudiantes de cuarto curso de Comunicaci\u00f3n Audiovisual de la Universidad Miguel Hern\u00e1ndez de Elx, se han declarado \u201cmuy ilusionados con este premio, que llega cuando estamos acabando la carrera. Es muy gratificante conseguir un reconocimiento haciendo lo que te gusta hacer\u201d. Ambos han dedicado el premio \u201ca nuestros padres, a la gente que nos ha votado y a la familia\u201d.<\/p>\n<p>&nbsp;<\/p>\n<p>El corto se rod\u00f3 en una tarde, aunque entre la escritura del gui\u00f3n, la preproducci\u00f3n y la postproducci\u00f3n el trabajo se prolong\u00f3 durante cuatro jornadas. La direcci\u00f3n, el gui\u00f3n, la fotograf\u00eda y el sonido son obra de Sandra Galva\u00f1 y Guillem Pons. El padre de este \u00faltimo tambi\u00e9n figura como actor, al igual que Alejandro Arias, Alberto Romero, Glen Mart\u00edn y Vicente Espinosa.<\/p>\n<p>&nbsp;<\/p>\n<p><strong>53 trabajos presentados<\/strong><\/p>\n<p>A la segunda edici\u00f3n de #60EnNegro han concurrido 53 trabajos llegados desde diferentes puntos de Espa\u00f1a. 12 de ellos fueron seleccionados para la semifinal. Los cinco m\u00e1s votados pasaron a la final. De ellos, uno proven\u00eda de Valencia, dos de Castell\u00f3n (Torreblanca y Onda), uno de Alicante (Aspe) y uno de Asturias\u00a0 (Avil\u00e9s). En total, los doce cortos han recibido 9.000 visionados y los internautas han emitido 3.500 votos.<\/p>\n<p>&nbsp;<\/p>\n<p><strong>Olivares y Paco Plaza entregaron el premio<\/strong><\/p>\n<p>El acto de entrega de premios se celebr\u00f3 anoche en la Filmoteca Valenciana tras la sesi\u00f3n que celebr\u00f3 VLC NEGRA sobre <em>Nueva ficci\u00f3n espa\u00f1ola<\/em>, en la que intervinieron Javier Olivares (<em>El ministerio del tiempo, Isabel, V\u00edctor Ros<\/em>), Paco Plaza (<em>[REC]<\/em>) y Rafael Maluenda (Cinema Jove), que formaban parte del jurado. Los dos primeros fueron los encargados de entregar el premio a los ganadores. Vicente Benet, Daniel Gasc\u00f3 y Bernardo Carri\u00f3n completaron el jurado que ha escogido a <em>P\u00f3ker de Ases<\/em> como el mejor de los finalistas. Los ganadores viajar\u00e1n a la pr\u00f3xima edici\u00f3n del Festival de San Sebasti\u00e1n, que se celebrar\u00e1 el pr\u00f3ximo mes de septiembre, como premio por ganar 60EnNegro.<\/p>\n<p>&nbsp;<\/p>\n<p>Enlace al video:<\/p>\n<p>&nbsp;<\/p>\n<p><a href=\"http:\/\/www.valencianegra.com\/finalistas-60ennegro-2015\/\" target=\"_blank\">http:\/\/www.valencianegra.com\/finalistas-60ennegro-2015\/<\/a><\/p>\n<p>&nbsp;<\/p>\n<p><a href=\"http:\/\/gradocau.umh.es\/files\/2015\/05\/Ganadores-de-60EnNegro-con-Olivares-y-Plaza.jpg\"><img loading=\"lazy\" class=\" size-large wp-image-644 aligncenter\" src=\"http:\/\/gradocau.umh.es\/files\/2015\/05\/Ganadores-de-60EnNegro-con-Olivares-y-Plaza-1024x682.jpg\" alt=\"Ganadores de 60EnNegro con Olivares y Plaza\" width=\"1500\" height=\"500\" \/><\/a><\/p>\n<\/div>\n","protected":false},"excerpt":{"rendered":"<p>Sandra Galva\u00f1, de 22 a\u00f1os, y Guillem Pons, de 23, residentes en Aspe y Santa Pola\u00a0(Alicante) y estudiantes de CAU de la UMH, son los ganadores de la segunda edici\u00f3n del certamen de cortos #60EnNegro, que se celebra dentro del festival VLC NEGRA. P\u00f3ker de Ases, de un minuto de duraci\u00f3n, narra la venganza que [&hellip;]<\/p>\n","protected":false},"author":300,"featured_media":0,"comment_status":"closed","ping_status":"open","sticky":false,"template":"","format":"standard","meta":{"_links_to":"","_links_to_target":""},"categories":[24],"tags":[100],"_links":{"self":[{"href":"https:\/\/gradocau.umh.es\/ca\/wp-json\/wp\/v2\/posts\/643"}],"collection":[{"href":"https:\/\/gradocau.umh.es\/ca\/wp-json\/wp\/v2\/posts"}],"about":[{"href":"https:\/\/gradocau.umh.es\/ca\/wp-json\/wp\/v2\/types\/post"}],"author":[{"embeddable":true,"href":"https:\/\/gradocau.umh.es\/ca\/wp-json\/wp\/v2\/users\/300"}],"replies":[{"embeddable":true,"href":"https:\/\/gradocau.umh.es\/ca\/wp-json\/wp\/v2\/comments?post=643"}],"version-history":[{"count":0,"href":"https:\/\/gradocau.umh.es\/ca\/wp-json\/wp\/v2\/posts\/643\/revisions"}],"wp:attachment":[{"href":"https:\/\/gradocau.umh.es\/ca\/wp-json\/wp\/v2\/media?parent=643"}],"wp:term":[{"taxonomy":"category","embeddable":true,"href":"https:\/\/gradocau.umh.es\/ca\/wp-json\/wp\/v2\/categories?post=643"},{"taxonomy":"post_tag","embeddable":true,"href":"https:\/\/gradocau.umh.es\/ca\/wp-json\/wp\/v2\/tags?post=643"}],"curies":[{"name":"wp","href":"https:\/\/api.w.org\/{rel}","templated":true}]}}