{"id":6247,"date":"2021-07-02T04:39:47","date_gmt":"2021-07-02T04:39:47","guid":{"rendered":"http:\/\/gradocau.umh.es\/?p=6247"},"modified":"2021-07-02T04:41:54","modified_gmt":"2021-07-02T04:41:54","slug":"un-proyecto-de-miniserie-elaborado-por-estudiantes-de-comunicacion-audiovisual-de-la-umh-seleccionado-en-la-tercera-edicion-del-talent-audiovisual-universitari-pitching-universitats-valencianes","status":"publish","type":"post","link":"https:\/\/gradocau.umh.es\/ca\/2021\/07\/02\/un-proyecto-de-miniserie-elaborado-por-estudiantes-de-comunicacion-audiovisual-de-la-umh-seleccionado-en-la-tercera-edicion-del-talent-audiovisual-universitari-pitching-universitats-valencianes\/","title":{"rendered":"Un proyecto de miniserie elaborado por estudiantes de Comunicaci\u00f3n Audiovisual de la UMH seleccionado en la tercera edici\u00f3n del Talent Audiovisual Universitari, Pitching Universitats Valencianes \u2013 Sector Audiovisual"},"content":{"rendered":"<p><strong>El proyecto de miniserie titulado Esto no es un rodaje ideado por estudiantes de cuarto de Comunicaci\u00f3n Audiovisual de la Universidad Miguel Hern\u00e1ndez ha participado en la tercera edici\u00f3n del Talent Audiovisual Universitari, Pitching Universitats Valencianes-Sector Audiovisual, que se celebr\u00f3 ayer en Castell\u00f3n de la Plana.<\/strong><\/p>\n<p>M\u00e1s de 180 estudiantes han presentado, individual o colectivamente, un total de 45 proyectos. Lo que implica aumentar en 28 participantes respecto a la segunda edici\u00f3n. Tambi\u00e9n es significativo el incremento de la participaci\u00f3n femenina, con 48 mujeres.<\/p>\n<p>La comisi\u00f3n organizadora escogi\u00f3 los 12 proyectos que han participado en el pitching, que tuvo a la Universidad Jaume I de Castell\u00f3n como anfitriona. De los proyectos seleccionados, cuatro corresponde a la categor\u00eda documental y tres a la de ficci\u00f3n. Gana peso la categor\u00eda de nuevos formatos, con tres proyectos y un papel destacado para la experimentaci\u00f3n sonora. Los dos restantes son formatos televisivos. No se ha seleccionado ning\u00fan proyecto para las categor\u00edas de radio y branded content.<\/p>\n<p>El pitching del audiovisual valenciano, impulsado por \u00c0 Punt y las universidades valencianas de Alicante, Valencia, Polit\u00e9cnica de Valencia, Miguel Hern\u00e1ndez, Jaume I de Castell\u00f3 y CEU Cardenal Herrera, tienen por objetivo fomentar el talento creativo desde las universidades y ponerlo en contacto con el sector audiovisual, tanto privado como p\u00fablico.<\/p>\n<p>La miniserie en clave c\u00f3mica narra la historia de Pedro, un guionista inexperto que escribe un guion basado en su experiencia como becario en una productora audiovisual valenciana. Durante ese trabajo \u00c1lex, un excompa\u00f1ero rencoroso, le quiere hacer la vida imposible e intenta conseguir el amor de su hermana Erica, quien tendr\u00e1\u0301 disputas con sus padres por el negocio familiar, un restaurante donde la especialidad es la elaboraci\u00f3n de paellas. La serie est\u00e1 desarrollada por Mar\u00eda Jos\u00e9 Valera Mass\u00f3, Pedro Ballester Pe\u00f1alver, Jose \u00c1lvaro P\u00e9rez P\u00e9rez, Silvia Vilaplana Calero, Emilio P\u00e9rez Carrasco, Manuel de Reyes Hern\u00e1ndez Grau, Esther Terol Mart\u00ednez y Sergio Alc\u00e1zar P\u00e9rez, con la coordinaci\u00f3n del profesor del \u00c1rea de Comunicaci\u00f3n Audiovisual y Publicidad, Jaume Quiles.<\/p>\n<p>Esta ocasi\u00f3n el pitching tuvo un desarrollo semipresencial, motivado por las medidas de seguridad Covid. En el Aula Magna de la Facultad de Ciencias Humanas y Sociales de la UJI los equipos seleccionados presentaron los proyectos. La mesa de expertos que los evalu\u00f3 estuvo formada por Jorge P\u00e9rez Vega, director de Contenidos No Ficci\u00f3n de la productora Buendia Studios. Esta productora firma, entre otros, programas como el magac\u00edn Bona Vesprada de \u00c0 Punt, Veneno, El Internado: Las cumbres y La Cocinera de Castamar; Lorena Torres, productora ejecutiva y directora de la valenciana Fly Hunter, con producciones tanto destacadas como Ciutats desaparegudes, Civil 80, Inoblidables o el largometraje Cosas que hacer antes de morir; Fran Ruvira, responsable de desarrollo de las productoras Incomedia y Umbracle Cine y director de Terres de cinema y Ernest J. Sorrentino, subdirector de contenidos de \u00c0 Punt y anteriormente, coordinador de guiones de Autoindefinits; codirector de los documentales El arquitecto de Nueva York y Las Mujeres de Franco, entre otros.<\/p>\n<p>La miniserie Esto no es un rodaje tuvo muy buena acogida por parte de los profesionales del sector que destacaron la gran comicidad de la historia y subrayaron el elemento diferenciador de la serie; \u201cel universo del becario precario\u201d, apenas reflejado en la oferta audiovisual existente para el gran p\u00fablico.<\/p>\n<p><a href=\"http:\/\/gradocau.umh.es\/files\/2021\/07\/02_UMH-Pitching_A_Punt.jpg\"><img loading=\"lazy\" class=\"alignleft  wp-image-6253\" src=\"http:\/\/gradocau.umh.es\/files\/2021\/07\/02_UMH-Pitching_A_Punt-205x300.jpg\" alt=\"02_UMH-Pitching_A_Punt\" width=\"284\" height=\"416\" srcset=\"https:\/\/gradocau.umh.es\/files\/2021\/07\/02_UMH-Pitching_A_Punt-205x300.jpg 205w, https:\/\/gradocau.umh.es\/files\/2021\/07\/02_UMH-Pitching_A_Punt-698x1024.jpg 698w, https:\/\/gradocau.umh.es\/files\/2021\/07\/02_UMH-Pitching_A_Punt.jpg 1200w\" sizes=\"(max-width: 284px) 100vw, 284px\" \/><\/a><a href=\"http:\/\/gradocau.umh.es\/files\/2021\/07\/01_UMH-Pitching_A_Punt.jpg\"><img loading=\"lazy\" class=\"alignleft  wp-image-6250\" src=\"http:\/\/gradocau.umh.es\/files\/2021\/07\/01_UMH-Pitching_A_Punt-300x136.jpg\" alt=\"01_UMH-Pitching_A_Punt\" width=\"558\" height=\"253\" srcset=\"https:\/\/gradocau.umh.es\/files\/2021\/07\/01_UMH-Pitching_A_Punt-300x136.jpg 300w, https:\/\/gradocau.umh.es\/files\/2021\/07\/01_UMH-Pitching_A_Punt-1024x463.jpg 1024w, https:\/\/gradocau.umh.es\/files\/2021\/07\/01_UMH-Pitching_A_Punt.jpg 1200w\" sizes=\"(max-width: 558px) 100vw, 558px\" \/><\/a><\/p>\n","protected":false},"excerpt":{"rendered":"<p>El proyecto de miniserie titulado Esto no es un rodaje ideado por estudiantes de cuarto de Comunicaci\u00f3n Audiovisual de la Universidad Miguel Hern\u00e1ndez ha participado en la tercera edici\u00f3n del Talent Audiovisual Universitari, Pitching Universitats Valencianes-Sector Audiovisual, que se celebr\u00f3 ayer en Castell\u00f3n de la Plana. M\u00e1s de 180 estudiantes han presentado, individual o colectivamente, [&hellip;]<\/p>\n","protected":false},"author":1724,"featured_media":0,"comment_status":"closed","ping_status":"open","sticky":false,"template":"","format":"standard","meta":{"_links_to":"","_links_to_target":""},"categories":[112,247],"tags":[],"_links":{"self":[{"href":"https:\/\/gradocau.umh.es\/ca\/wp-json\/wp\/v2\/posts\/6247"}],"collection":[{"href":"https:\/\/gradocau.umh.es\/ca\/wp-json\/wp\/v2\/posts"}],"about":[{"href":"https:\/\/gradocau.umh.es\/ca\/wp-json\/wp\/v2\/types\/post"}],"author":[{"embeddable":true,"href":"https:\/\/gradocau.umh.es\/ca\/wp-json\/wp\/v2\/users\/1724"}],"replies":[{"embeddable":true,"href":"https:\/\/gradocau.umh.es\/ca\/wp-json\/wp\/v2\/comments?post=6247"}],"version-history":[{"count":0,"href":"https:\/\/gradocau.umh.es\/ca\/wp-json\/wp\/v2\/posts\/6247\/revisions"}],"wp:attachment":[{"href":"https:\/\/gradocau.umh.es\/ca\/wp-json\/wp\/v2\/media?parent=6247"}],"wp:term":[{"taxonomy":"category","embeddable":true,"href":"https:\/\/gradocau.umh.es\/ca\/wp-json\/wp\/v2\/categories?post=6247"},{"taxonomy":"post_tag","embeddable":true,"href":"https:\/\/gradocau.umh.es\/ca\/wp-json\/wp\/v2\/tags?post=6247"}],"curies":[{"name":"wp","href":"https:\/\/api.w.org\/{rel}","templated":true}]}}