{"id":6080,"date":"2021-05-24T16:40:31","date_gmt":"1970-01-01T00:00:01","guid":{"rendered":"http:\/\/gradocau.umh.es\/?p=6080"},"modified":"2021-05-26T07:18:16","modified_gmt":"2021-05-26T07:18:16","slug":"i-seminario-online-movilidad-sicue-2021","status":"publish","type":"post","link":"https:\/\/gradocau.umh.es\/ca\/2021\/05\/24\/i-seminario-online-movilidad-sicue-2021\/","title":{"rendered":"I SEMINARIO ONLINE MOVILIDAD SICUE 2021"},"content":{"rendered":"<p><a href=\"http:\/\/gradocau.umh.es\/files\/2021\/05\/SICUE.jpeg\"><img loading=\"lazy\" class=\"alignnone size-medium wp-image-6081\" src=\"http:\/\/gradocau.umh.es\/files\/2021\/05\/SICUE-300x215.jpeg\" alt=\"SICUE\" width=\"300\" height=\"215\" srcset=\"https:\/\/gradocau.umh.es\/files\/2021\/05\/SICUE-300x215.jpeg 300w, https:\/\/gradocau.umh.es\/files\/2021\/05\/SICUE.jpeg 640w\" sizes=\"(max-width: 300px) 100vw, 300px\" \/><\/a><\/p>\n<p>Una vez publicada la asignaci\u00f3n de plazas del programa de movilidad SICUE para el curso 2021-2022, se convoca al estudiantado\u00a0con asignaci\u00f3n de plaza en el programa de movilidad SICUE para el pr\u00f3ximo curso al I SEMINARIO ONLINE MOVILIDAD SICUE 2021, que tendr\u00e1 lugar el\u00a0pr\u00f3ximo viernes 28 de mayo a las 10:00 horas en modalidad online.<\/p>\n<p>Cualquier duda o consulta pod\u00e9is contactar con Francisco Juli\u00e1n Mart\u00ednez Cano: francisco.martinezc@umh.es<\/p>\n<p>&nbsp;<\/p>\n","protected":false},"excerpt":{"rendered":"<p>Una vez publicada la asignaci\u00f3n de plazas del programa de movilidad SICUE para el curso 2021-2022, se convoca al estudiantado\u00a0con asignaci\u00f3n de plaza en el programa de movilidad SICUE para el pr\u00f3ximo curso al I SEMINARIO ONLINE MOVILIDAD SICUE 2021, que tendr\u00e1 lugar el\u00a0pr\u00f3ximo viernes 28 de mayo a las 10:00 horas en modalidad online. [&hellip;]<\/p>\n","protected":false},"author":2745,"featured_media":0,"comment_status":"closed","ping_status":"open","sticky":false,"template":"","format":"standard","meta":{"_links_to":"","_links_to_target":""},"categories":[10,237,102,1],"tags":[],"_links":{"self":[{"href":"https:\/\/gradocau.umh.es\/ca\/wp-json\/wp\/v2\/posts\/6080"}],"collection":[{"href":"https:\/\/gradocau.umh.es\/ca\/wp-json\/wp\/v2\/posts"}],"about":[{"href":"https:\/\/gradocau.umh.es\/ca\/wp-json\/wp\/v2\/types\/post"}],"author":[{"embeddable":true,"href":"https:\/\/gradocau.umh.es\/ca\/wp-json\/wp\/v2\/users\/2745"}],"replies":[{"embeddable":true,"href":"https:\/\/gradocau.umh.es\/ca\/wp-json\/wp\/v2\/comments?post=6080"}],"version-history":[{"count":0,"href":"https:\/\/gradocau.umh.es\/ca\/wp-json\/wp\/v2\/posts\/6080\/revisions"}],"wp:attachment":[{"href":"https:\/\/gradocau.umh.es\/ca\/wp-json\/wp\/v2\/media?parent=6080"}],"wp:term":[{"taxonomy":"category","embeddable":true,"href":"https:\/\/gradocau.umh.es\/ca\/wp-json\/wp\/v2\/categories?post=6080"},{"taxonomy":"post_tag","embeddable":true,"href":"https:\/\/gradocau.umh.es\/ca\/wp-json\/wp\/v2\/tags?post=6080"}],"curies":[{"name":"wp","href":"https:\/\/api.w.org\/{rel}","templated":true}]}}