{"id":6075,"date":"2021-05-19T16:58:55","date_gmt":"2021-05-19T16:58:55","guid":{"rendered":"http:\/\/gradocau.umh.es\/?p=6075"},"modified":"2021-05-19T16:58:55","modified_gmt":"2021-05-19T16:58:55","slug":"video-de-la-sesion-de-presentacion-de-los-programa-atenea-y-pitching-del-audiovisual-valenciano","status":"publish","type":"post","link":"https:\/\/gradocau.umh.es\/ca\/2021\/05\/19\/video-de-la-sesion-de-presentacion-de-los-programa-atenea-y-pitching-del-audiovisual-valenciano\/","title":{"rendered":"V\u00eddeo de la sesi\u00f3n de presentaci\u00f3n de los Programa Atenea y Pitching del Audiovisual Valenciano"},"content":{"rendered":"<p><strong>Si te\u00a0perdiste la sesi\u00f3n la sesi\u00f3n de presentaci\u00f3n\u00a0de los Programas Atenea y Pitching del Audiovisual Valenciano, te pasamos el\u00a0<a href=\"https:\/\/drive.google.com\/file\/d\/1vstfHW0IbY02sojqa3ejp2fxx0J1tE9f\/view?usp=sharing\" target=\"_blank\" data-saferedirecturl=\"https:\/\/www.google.com\/url?q=https:\/\/drive.google.com\/file\/d\/1vstfHW0IbY02sojqa3ejp2fxx0J1tE9f\/view?usp%3Dsharing&amp;source=gmail&amp;ust=1621520139723000&amp;usg=AFQjCNHxst2nbYRnGwI3MHQu-yyaOD7Ong\">enlace al v\u00eddeo<\/a>\u00a0porque no deber\u00edas perderte esta oportunidad (S\u00f3lo accesible con la cuentas UMH).<\/strong><\/p>\n<div>Bases del Pitching:\u00a0<a id=\"m_3336012801697633531gmail-m_1062353867278776137LPlnk\" href=\"https:\/\/www.cvmc.es\/wp-content\/uploads\/BASES-PITCHING-2021.pdf\" target=\"_blank\" data-saferedirecturl=\"https:\/\/www.google.com\/url?q=https:\/\/www.cvmc.es\/wp-content\/uploads\/BASES-PITCHING-2021.pdf&amp;source=gmail&amp;ust=1621520139723000&amp;usg=AFQjCNFW_SgBSnOAbeTMp-7QuphRB-9ltQ\">https:\/\/www.cvmc.es\/<wbr \/>wp-content\/uploads\/BASES-<wbr \/>PITCHING-2021.pdf<\/a>\u00a0(abre en pesta\u00f1a nueva)<\/div>\n<p><b>Nota informativa:<\/b><\/p>\n<p>La Asociaci\u00f3n Dona i Cinema y \u00c0 Punt presentaron los Programa Atenea y Pitching del Audiovisual Valenciano a los estudiantes del Grado en Comunicaci\u00f3n Audiovisual.<\/p>\n<p>El objetivo del Pitching del Audiovisual Valenciano es detectar el talento creativo del alumnado universitario y ponerlo en contacto con el sector audiovisual, tanto privado como p\u00fablico. La convocatoria est\u00e1 dirigida al alumnado que cursa estudios de grado, m\u00e1ster o doctorado del \u00e1mbito de la comunicaci\u00f3n y el audiovisual. As\u00ed, se incluyen las \u00e1reas de Periodismo, Comunicaci\u00f3n Audiovisual, Publicidad y Relaciones P\u00fablicas, Bellas artes, Multimedia, Branding Digital, Animaci\u00f3n y Videojuegos. En la iniciativa participan la Universitat Jaume I, que este a\u00f1o ejerce de anfitriona, la Universitat de Val\u00e8ncia, la Universidad de Alicante, la Universitat Polit\u00e8cnica de Val\u00e8ncia, la Universidad Miguel Hern\u00e1ndez y la Universidad Cardenal Herrera-CEU.<\/p>\n<p>El Programa Atenea busca reducir desde la educaci\u00f3n y el empoderamiento la gran desigualdad de g\u00e9nero en los sectores m\u00e1s profesionalizados de la industria cinematogr\u00e1fica, los circuitos comerciales y los festivales de cine. El programa, que quiere promover proyectos de j\u00f3venes estudiantes o reci\u00e9n graduadas en Audiovisual, ofreciendo sesiones de tutor\u00edas sobre diferentes aspectos de la producci\u00f3n audiovisual, impartidas por un conjunto de mujeres expertas en el sector cinematogr\u00e1fico.<\/p>\n<p>El proyecto est\u00e1 impulsado por el Institut Valenciano de Cultura y la Asociaci\u00f3n Dona i Cinema, que cuenta con la colaboraci\u00f3n de las cuatrgos principales universidades de la Comunidad Valenciana que cuenta con estudios oficiales en comunicaci\u00f3n audiovisual, la Universidad Miguel Hern\u00e1ndez de Elche, Universitat Jaume I de Castell\u00f3n, Universitat de Val\u00e8ncia (TAU) y Universitat Polit\u00e8cnic de Val\u00e8ncia.<\/p>\n<p><a href=\"http:\/\/gradocau.umh.es\/files\/2021\/03\/PitchingAudiovisual.jpg\"><img loading=\"lazy\" class=\"alignleft size-medium wp-image-5903\" src=\"http:\/\/gradocau.umh.es\/files\/2021\/03\/PitchingAudiovisual-300x154.jpg\" alt=\"PitchingAudiovisual\" width=\"300\" height=\"154\" srcset=\"https:\/\/gradocau.umh.es\/files\/2021\/03\/PitchingAudiovisual-300x154.jpg 300w, https:\/\/gradocau.umh.es\/files\/2021\/03\/PitchingAudiovisual-1024x525.jpg 1024w\" sizes=\"(max-width: 300px) 100vw, 300px\" \/><\/a><\/p>\n","protected":false},"excerpt":{"rendered":"<p>Si te\u00a0perdiste la sesi\u00f3n la sesi\u00f3n de presentaci\u00f3n\u00a0de los Programas Atenea y Pitching del Audiovisual Valenciano, te pasamos el\u00a0enlace al v\u00eddeo\u00a0porque no deber\u00edas perderte esta oportunidad (S\u00f3lo accesible con la cuentas UMH). Bases del Pitching:\u00a0https:\/\/www.cvmc.es\/wp-content\/uploads\/BASES-PITCHING-2021.pdf\u00a0(abre en pesta\u00f1a nueva) Nota informativa: La Asociaci\u00f3n Dona i Cinema y \u00c0 Punt presentaron los Programa Atenea y Pitching del [&hellip;]<\/p>\n","protected":false},"author":1724,"featured_media":0,"comment_status":"closed","ping_status":"open","sticky":false,"template":"","format":"standard","meta":{"_links_to":"","_links_to_target":""},"categories":[112,211],"tags":[261,260],"_links":{"self":[{"href":"https:\/\/gradocau.umh.es\/ca\/wp-json\/wp\/v2\/posts\/6075"}],"collection":[{"href":"https:\/\/gradocau.umh.es\/ca\/wp-json\/wp\/v2\/posts"}],"about":[{"href":"https:\/\/gradocau.umh.es\/ca\/wp-json\/wp\/v2\/types\/post"}],"author":[{"embeddable":true,"href":"https:\/\/gradocau.umh.es\/ca\/wp-json\/wp\/v2\/users\/1724"}],"replies":[{"embeddable":true,"href":"https:\/\/gradocau.umh.es\/ca\/wp-json\/wp\/v2\/comments?post=6075"}],"version-history":[{"count":0,"href":"https:\/\/gradocau.umh.es\/ca\/wp-json\/wp\/v2\/posts\/6075\/revisions"}],"wp:attachment":[{"href":"https:\/\/gradocau.umh.es\/ca\/wp-json\/wp\/v2\/media?parent=6075"}],"wp:term":[{"taxonomy":"category","embeddable":true,"href":"https:\/\/gradocau.umh.es\/ca\/wp-json\/wp\/v2\/categories?post=6075"},{"taxonomy":"post_tag","embeddable":true,"href":"https:\/\/gradocau.umh.es\/ca\/wp-json\/wp\/v2\/tags?post=6075"}],"curies":[{"name":"wp","href":"https:\/\/api.w.org\/{rel}","templated":true}]}}