{"id":6022,"date":"2021-05-07T11:03:28","date_gmt":"2021-05-07T11:03:28","guid":{"rendered":"http:\/\/gradocau.umh.es\/?p=6022"},"modified":"2021-05-10T10:00:52","modified_gmt":"2021-05-10T10:00:52","slug":"la-asociacion-dona-i-cinema-y-a-punt-presentaran-los-programa-atenea-y-pitching-del-audiovisual-valenciano-a-los-estudiantes-del-grado-en-comunicacion-audiovisual","status":"publish","type":"post","link":"https:\/\/gradocau.umh.es\/ca\/2021\/05\/07\/la-asociacion-dona-i-cinema-y-a-punt-presentaran-los-programa-atenea-y-pitching-del-audiovisual-valenciano-a-los-estudiantes-del-grado-en-comunicacion-audiovisual\/","title":{"rendered":"La Asociaci\u00f3n Dona i Cinema y \u00c0 Punt presentar\u00e1n los Programa Atenea y Pitching del Audiovisual Valenciano a los estudiantes del Grado en Comunicaci\u00f3n Audiovisual"},"content":{"rendered":"<p><strong>El acto tendr\u00e1 lugar el martes 18 a las 16 horas en el Aula 3 del edificio Atzavares para los estudiantes de tercer curso.\u00a0<\/strong><strong>Los proyectos \u00a0se presentar\u00e1n en modalidad online por parte de los coordinadores del proyecto, Pitching del Audiovisual Valenciano de \u00c0 Punt, y de las representantes de la Asociaci\u00f3n Dona i Cinema, el proyecto programa Atenea.<\/strong><\/p>\n<p><strong>El objetivo del Pitching del Audiovisual Valenciano<\/strong> es detectar el talento creativo del alumnado universitario y ponerlo en contacto con el sector audiovisual, tanto privado como p\u00fablico. La convocatoria est\u00e1 dirigida al alumnado que cursa estudios de grado, m\u00e1ster o doctorado del \u00e1mbito de la comunicaci\u00f3n y el audiovisual. As\u00ed, se incluyen las \u00e1reas de Periodismo, Comunicaci\u00f3n Audiovisual, Publicidad y Relaciones P\u00fablicas, Bellas artes, Multimedia, Branding Digital, Animaci\u00f3n y Videojuegos. En la iniciativa participan la Universitat Jaume I, que este a\u00f1o ejerce de anfitriona, la Universitat de Val\u00e8ncia, la Universidad de Alicante, la Universitat Polit\u00e8cnica de Val\u00e8ncia, la Universidad Miguel Hern\u00e1ndez y la Universidad Cardenal Herrera-CEU.<\/p>\n<p><strong>El Programa Atenea<\/strong> busca reducir desde la educaci\u00f3n y el empoderamiento la gran desigualdad de g\u00e9nero en los sectores m\u00e1s profesionalizados de la industria cinematogr\u00e1fica, los circuitos comerciales y los festivales de cine. El programa, que quiere promover proyectos de j\u00f3venes estudiantes o reci\u00e9n graduadas en Audiovisual, ofreciendo sesiones de tutor\u00edas sobre diferentes aspectos de la producci\u00f3n audiovisual, impartidas por un conjunto de mujeres expertas en el sector cinematogr\u00e1fico.<\/p>\n<p>El proyecto est\u00e1 impulsado por el Institut Valenciano de Cultura y la Asociaci\u00f3n Dona i Cinema, que cuenta con la colaboraci\u00f3n de las cuatrgos principales universidades de la Comunidad Valenciana que cuenta con estudios oficiales en comunicaci\u00f3n audiovisual, la Universidad Miguel Hern\u00e1ndez de Elche, Universitat Jaume I de Castell\u00f3n, Universitat de Val\u00e8ncia (TAU) y Universitat Polit\u00e8cnic de Val\u00e8ncia.<\/p>\n<p><a href=\"http:\/\/gradocau.umh.es\/files\/2020\/03\/IMG-20200303-WA0007.jpg\"><img loading=\"lazy\" class=\"alignleft size-medium wp-image-4829\" src=\"http:\/\/gradocau.umh.es\/files\/2020\/03\/IMG-20200303-WA0007-300x225.jpg\" alt=\"IMG-20200303-WA0007\" width=\"300\" height=\"225\" srcset=\"https:\/\/gradocau.umh.es\/files\/2020\/03\/IMG-20200303-WA0007-300x225.jpg 300w, https:\/\/gradocau.umh.es\/files\/2020\/03\/IMG-20200303-WA0007-1024x768.jpg 1024w, https:\/\/gradocau.umh.es\/files\/2020\/03\/IMG-20200303-WA0007.jpg 1280w\" sizes=\"(max-width: 300px) 100vw, 300px\" \/><\/a><\/p>\n","protected":false},"excerpt":{"rendered":"<p>El acto tendr\u00e1 lugar el martes 18 a las 16 horas en el Aula 3 del edificio Atzavares para los estudiantes de tercer curso.\u00a0Los proyectos \u00a0se presentar\u00e1n en modalidad online por parte de los coordinadores del proyecto, Pitching del Audiovisual Valenciano de \u00c0 Punt, y de las representantes de la Asociaci\u00f3n Dona i Cinema, el [&hellip;]<\/p>\n","protected":false},"author":1724,"featured_media":0,"comment_status":"closed","ping_status":"open","sticky":false,"template":"","format":"standard","meta":{"_links_to":"","_links_to_target":""},"categories":[112,211,247],"tags":[260],"_links":{"self":[{"href":"https:\/\/gradocau.umh.es\/ca\/wp-json\/wp\/v2\/posts\/6022"}],"collection":[{"href":"https:\/\/gradocau.umh.es\/ca\/wp-json\/wp\/v2\/posts"}],"about":[{"href":"https:\/\/gradocau.umh.es\/ca\/wp-json\/wp\/v2\/types\/post"}],"author":[{"embeddable":true,"href":"https:\/\/gradocau.umh.es\/ca\/wp-json\/wp\/v2\/users\/1724"}],"replies":[{"embeddable":true,"href":"https:\/\/gradocau.umh.es\/ca\/wp-json\/wp\/v2\/comments?post=6022"}],"version-history":[{"count":0,"href":"https:\/\/gradocau.umh.es\/ca\/wp-json\/wp\/v2\/posts\/6022\/revisions"}],"wp:attachment":[{"href":"https:\/\/gradocau.umh.es\/ca\/wp-json\/wp\/v2\/media?parent=6022"}],"wp:term":[{"taxonomy":"category","embeddable":true,"href":"https:\/\/gradocau.umh.es\/ca\/wp-json\/wp\/v2\/categories?post=6022"},{"taxonomy":"post_tag","embeddable":true,"href":"https:\/\/gradocau.umh.es\/ca\/wp-json\/wp\/v2\/tags?post=6022"}],"curies":[{"name":"wp","href":"https:\/\/api.w.org\/{rel}","templated":true}]}}