{"id":5656,"date":"2020-11-06T10:33:22","date_gmt":"2020-11-06T10:33:22","guid":{"rendered":"http:\/\/gradocau.umh.es\/?p=5656"},"modified":"2020-11-06T10:33:22","modified_gmt":"2020-11-06T10:33:22","slug":"el-cortometraje-sobre-mi-familia-cuando-la-pandemia-del-estudiante-de-cau-javier-robles-seleccionado-en-alcine","status":"publish","type":"post","link":"https:\/\/gradocau.umh.es\/ca\/2020\/11\/06\/el-cortometraje-sobre-mi-familia-cuando-la-pandemia-del-estudiante-de-cau-javier-robles-seleccionado-en-alcine\/","title":{"rendered":"El cortometraje &#8220;Sobre mi familia cuando la pandemia&#8221; del estudiante de CAU Javier Robles, seleccionado en Alcine"},"content":{"rendered":"<p><strong>Sobre mi familia cuando la pandemia<\/strong> es el \u00faltimo proyecto del estudiante del Grado en Comunicaci\u00f3n Audiovisual, Javier Robles, que nos invita a convertirnos en un miembro m\u00e1s de la familia y a reflexionar sobre la convivencia, la infancia, el paso del tiempo y la felicidad. La cinta ha sido seleccionada para su proyecci\u00f3n en Alcine, dentro de la secci\u00f3n\u00a0&#8220;El dedo en la llaga: confinamiento&#8221;. <a title=\"Web Alcine &quot;El dedo en la llaga:confinamiento&quot;\" href=\"https:\/\/alcine.org\/el-dedo-en-la-llaga.php\" target=\"_blank\">Web Alcine &#8220;El dedo en la llaga:confinamiento&#8221;<\/a><\/p>\n<p>Tambi\u00e9n\u00a0gan\u00f3 el premio a la Mejor Obra Audiovisual en la segunda convocatoria del #LeaveYourArtistAtHome de la escuela TAI. <a title=\"Web Entre paredes TAI\" href=\"https:\/\/taiarts.com\/entre-paredes-documental\/\" target=\"_blank\">Web Entre paredes TAI<\/a><\/p>\n<p>Actualmente Javier se encuentra cursando tercero de\u00a0CAU en la Universidad Miguel Hern\u00e1ndez. A los 18 a\u00f1os, dirigi\u00f3 su \u00f3pera prima <strong>Manuel<\/strong>, un relato sobre la fragilidad de los recuerdos y la vejez. Tambi\u00e9n ha realizado varios documentales entre los que destaca <strong>La vida en el mar<\/strong>, cortometraje que enfrenta las distintas formas de entender y vivir el mar a trav\u00e9s de testimonios de pescadores santapolenses y sus familias. Javier acumula m\u00e1s de 100 selecciones en festivales internacionales y ha sido premiado en 16 ocasiones.<\/p>\n<p>La pieza fue creada, en principio, como una pr\u00e1ctica para la asignatura de Direcci\u00f3n de Fotograf\u00eda de 2\u00ba curso de CAU del profesor Vicente J. P\u00e9rez, durante el confinamiento de la pasada primavera.<\/p>\n<p><a href=\"http:\/\/gradocau.umh.es\/files\/2020\/11\/Fotograma-Sobre-mi-familia-cuando-la-pandemia.jpg\"><img loading=\"lazy\" class=\"alignleft size-medium wp-image-5657\" src=\"http:\/\/gradocau.umh.es\/files\/2020\/11\/Fotograma-Sobre-mi-familia-cuando-la-pandemia-300x218.jpg\" alt=\"Fotograma Sobre mi familia cuando la pandemia\" width=\"300\" height=\"218\" srcset=\"https:\/\/gradocau.umh.es\/files\/2020\/11\/Fotograma-Sobre-mi-familia-cuando-la-pandemia-300x218.jpg 300w, https:\/\/gradocau.umh.es\/files\/2020\/11\/Fotograma-Sobre-mi-familia-cuando-la-pandemia-1024x745.jpg 1024w, https:\/\/gradocau.umh.es\/files\/2020\/11\/Fotograma-Sobre-mi-familia-cuando-la-pandemia.jpg 1485w\" sizes=\"(max-width: 300px) 100vw, 300px\" \/><\/a> <a href=\"http:\/\/gradocau.umh.es\/files\/2020\/11\/Sobre-mi-familia-cuando-la-pandemia.jpg\"><img loading=\"lazy\" class=\"alignleft size-medium wp-image-5658\" src=\"http:\/\/gradocau.umh.es\/files\/2020\/11\/Sobre-mi-familia-cuando-la-pandemia-300x218.jpg\" alt=\"Fotograma Sobre mi familia cuando la pandemia\" width=\"300\" height=\"218\" srcset=\"https:\/\/gradocau.umh.es\/files\/2020\/11\/Sobre-mi-familia-cuando-la-pandemia-300x218.jpg 300w, https:\/\/gradocau.umh.es\/files\/2020\/11\/Sobre-mi-familia-cuando-la-pandemia-1024x745.jpg 1024w, https:\/\/gradocau.umh.es\/files\/2020\/11\/Sobre-mi-familia-cuando-la-pandemia.jpg 1485w\" sizes=\"(max-width: 300px) 100vw, 300px\" \/><\/a><\/p>\n","protected":false},"excerpt":{"rendered":"<p>Sobre mi familia cuando la pandemia es el \u00faltimo proyecto del estudiante del Grado en Comunicaci\u00f3n Audiovisual, Javier Robles, que nos invita a convertirnos en un miembro m\u00e1s de la familia y a reflexionar sobre la convivencia, la infancia, el paso del tiempo y la felicidad. La cinta ha sido seleccionada para su proyecci\u00f3n en [&hellip;]<\/p>\n","protected":false},"author":1724,"featured_media":0,"comment_status":"closed","ping_status":"open","sticky":false,"template":"","format":"standard","meta":{"_links_to":"","_links_to_target":""},"categories":[211,280,185],"tags":[],"_links":{"self":[{"href":"https:\/\/gradocau.umh.es\/ca\/wp-json\/wp\/v2\/posts\/5656"}],"collection":[{"href":"https:\/\/gradocau.umh.es\/ca\/wp-json\/wp\/v2\/posts"}],"about":[{"href":"https:\/\/gradocau.umh.es\/ca\/wp-json\/wp\/v2\/types\/post"}],"author":[{"embeddable":true,"href":"https:\/\/gradocau.umh.es\/ca\/wp-json\/wp\/v2\/users\/1724"}],"replies":[{"embeddable":true,"href":"https:\/\/gradocau.umh.es\/ca\/wp-json\/wp\/v2\/comments?post=5656"}],"version-history":[{"count":0,"href":"https:\/\/gradocau.umh.es\/ca\/wp-json\/wp\/v2\/posts\/5656\/revisions"}],"wp:attachment":[{"href":"https:\/\/gradocau.umh.es\/ca\/wp-json\/wp\/v2\/media?parent=5656"}],"wp:term":[{"taxonomy":"category","embeddable":true,"href":"https:\/\/gradocau.umh.es\/ca\/wp-json\/wp\/v2\/categories?post=5656"},{"taxonomy":"post_tag","embeddable":true,"href":"https:\/\/gradocau.umh.es\/ca\/wp-json\/wp\/v2\/tags?post=5656"}],"curies":[{"name":"wp","href":"https:\/\/api.w.org\/{rel}","templated":true}]}}