{"id":5443,"date":"2020-10-21T10:20:00","date_gmt":"2020-10-21T10:20:00","guid":{"rendered":"http:\/\/gradocau.umh.es\/?p=5443"},"modified":"2020-10-21T10:20:00","modified_gmt":"2020-10-21T10:20:00","slug":"premios-fundacion-coso","status":"publish","type":"post","link":"https:\/\/gradocau.umh.es\/ca\/2020\/10\/21\/premios-fundacion-coso\/","title":{"rendered":"Premios Fundaci\u00f3n Coso"},"content":{"rendered":"<p><a href=\"http:\/\/gradocau.umh.es\/files\/2020\/10\/premios-coso-portada.png\" target=\"_blank\"><img loading=\"lazy\" class=\"alignnone wp-image-5444 size-medium\" src=\"http:\/\/gradocau.umh.es\/files\/2020\/10\/premios-coso-portada-300x239.png\" alt=\"premios coso portada\" width=\"300\" height=\"239\" srcset=\"https:\/\/gradocau.umh.es\/files\/2020\/10\/premios-coso-portada-300x239.png 300w, https:\/\/gradocau.umh.es\/files\/2020\/10\/premios-coso-portada-1024x816.png 1024w, https:\/\/gradocau.umh.es\/files\/2020\/10\/premios-coso-portada.png 1288w\" sizes=\"(max-width: 300px) 100vw, 300px\" \/><\/a><\/p>\n<p>La Fundaci\u00f3n COSO para el Desarrollo de Comunicaci\u00f3n y la Sociedad convoca la 13\u00aa edici\u00f3n de estos Premios para estudiantes de carreras relacionadas con la comunicaci\u00f3n, con el deseo de estimular en ellos la calidad en la propia formaci\u00f3n, el inter\u00e9s por participar en el debate social que propician los medios de comunicaci\u00f3n, y as\u00ed como promover una cultura m\u00e1s solidaria.<\/p>\n<p>Los candidatos a los Premios ser\u00e1n estudiantes de las carreras de Periodismo, Comunicaci\u00f3n Audiovisual, Publicidad y Relaciones P\u00fablicas, matriculados en centros universitarios de la Comunidad Valenciana o nacidos en esta comunidad y que est\u00e9n cursando esas carreras en otras universidades.<\/p>\n<p><strong>Se establecen los siguientes Premios:<\/strong><\/p>\n<ul>\n<li>Primero: dotado con un vuelo (ida y vuelta) para dos personas a un\u00a0destino\u00a0de la Compa\u00f1\u00eda Air Nostrum (incluido Madrid-Estrasburgo), y diploma.<\/li>\n<li>Segundo: dotado con\u00a0un vuelo (ida y vuelta) para dos personas\u00a0a un\u00a0destino\u00a0espa\u00f1ol\u00a0de la Compa\u00f1\u00eda Air Nostrum, y diploma.<\/li>\n<\/ul>\n<p><strong>La presentaci\u00f3n de los trabajos se realizar\u00e1 antes del 29 de octubre de 2020, remitiendo a la Fundaci\u00f3n COSO (C\/ Mar, 26, 2\u00ba, 4\u00aa. 46003 Valencia) secretaria@fundacioncoso.org<\/strong><\/p>\n<p>M\u00e1s informaci\u00f3n en: <a href=\"https:\/\/www.fundacioncoso.org\/noticias-coso\/premios-fundacion-coso-para-estudiantes-de-comunicacion-2\/\" target=\"_blank\">Premios Fundaci\u00f3n Coso<\/a><\/p>\n<p><a href=\"http:\/\/gradocau.umh.es\/files\/2020\/10\/PremiosCOSO-1.jpeg\" target=\"_blank\"><img loading=\"lazy\" class=\"alignleft wp-image-5445 \" src=\"http:\/\/gradocau.umh.es\/files\/2020\/10\/PremiosCOSO-1-212x300.jpeg\" alt=\"Premios Fundaci\u00f3n Coso\" width=\"300\" height=\"425\" srcset=\"https:\/\/gradocau.umh.es\/files\/2020\/10\/PremiosCOSO-1-212x300.jpeg 212w, https:\/\/gradocau.umh.es\/files\/2020\/10\/PremiosCOSO-1-724x1024.jpeg 724w, https:\/\/gradocau.umh.es\/files\/2020\/10\/PremiosCOSO-1.jpeg 794w\" sizes=\"(max-width: 300px) 100vw, 300px\" \/><\/a><\/p>\n","protected":false},"excerpt":{"rendered":"<p>La Fundaci\u00f3n COSO para el Desarrollo de Comunicaci\u00f3n y la Sociedad convoca la 13\u00aa edici\u00f3n de estos Premios para estudiantes de carreras relacionadas con la comunicaci\u00f3n, con el deseo de estimular en ellos la calidad en la propia formaci\u00f3n, el inter\u00e9s por participar en el debate social que propician los medios de comunicaci\u00f3n, y as\u00ed [&hellip;]<\/p>\n","protected":false},"author":1724,"featured_media":0,"comment_status":"closed","ping_status":"open","sticky":false,"template":"","format":"standard","meta":{"_links_to":"","_links_to_target":""},"categories":[185],"tags":[],"_links":{"self":[{"href":"https:\/\/gradocau.umh.es\/ca\/wp-json\/wp\/v2\/posts\/5443"}],"collection":[{"href":"https:\/\/gradocau.umh.es\/ca\/wp-json\/wp\/v2\/posts"}],"about":[{"href":"https:\/\/gradocau.umh.es\/ca\/wp-json\/wp\/v2\/types\/post"}],"author":[{"embeddable":true,"href":"https:\/\/gradocau.umh.es\/ca\/wp-json\/wp\/v2\/users\/1724"}],"replies":[{"embeddable":true,"href":"https:\/\/gradocau.umh.es\/ca\/wp-json\/wp\/v2\/comments?post=5443"}],"version-history":[{"count":0,"href":"https:\/\/gradocau.umh.es\/ca\/wp-json\/wp\/v2\/posts\/5443\/revisions"}],"wp:attachment":[{"href":"https:\/\/gradocau.umh.es\/ca\/wp-json\/wp\/v2\/media?parent=5443"}],"wp:term":[{"taxonomy":"category","embeddable":true,"href":"https:\/\/gradocau.umh.es\/ca\/wp-json\/wp\/v2\/categories?post=5443"},{"taxonomy":"post_tag","embeddable":true,"href":"https:\/\/gradocau.umh.es\/ca\/wp-json\/wp\/v2\/tags?post=5443"}],"curies":[{"name":"wp","href":"https:\/\/api.w.org\/{rel}","templated":true}]}}