{"id":5304,"date":"2020-09-18T16:39:34","date_gmt":"2020-09-18T16:39:34","guid":{"rendered":"http:\/\/gradocau.umh.es\/?p=5304"},"modified":"2020-09-18T16:40:22","modified_gmt":"2020-09-18T16:40:22","slug":"bienvenida-al-estudiantado-de-2o-3o-y-4o-curso-de-cau","status":"publish","type":"post","link":"https:\/\/gradocau.umh.es\/ca\/2020\/09\/18\/bienvenida-al-estudiantado-de-2o-3o-y-4o-curso-de-cau\/","title":{"rendered":"BIENVENIDA AL ESTUDIANTADO DE 2\u00ba, 3\u00ba Y 4\u00ba CURSO DE CAU"},"content":{"rendered":"<p><a href=\"http:\/\/gradocau.umh.es\/files\/2020\/09\/LOGO-INSTAGRAM-CAU2.jpg\"><img loading=\"lazy\" class=\"  wp-image-5305 alignnone\" src=\"http:\/\/gradocau.umh.es\/files\/2020\/09\/LOGO-INSTAGRAM-CAU2-300x300.jpg\" alt=\"logo CAU UMH\" width=\"195\" height=\"195\" srcset=\"https:\/\/gradocau.umh.es\/files\/2020\/09\/LOGO-INSTAGRAM-CAU2-300x300.jpg 300w, https:\/\/gradocau.umh.es\/files\/2020\/09\/LOGO-INSTAGRAM-CAU2-150x150.jpg 150w, https:\/\/gradocau.umh.es\/files\/2020\/09\/LOGO-INSTAGRAM-CAU2.jpg 378w\" sizes=\"(max-width: 195px) 100vw, 195px\" \/><\/a><\/p>\n<p>Estimados y estimadas estudiantes de 2\u00ba, 3\u00ba y 4\u00ba curso,<\/p>\n<p>publico este anuncio, como Vicedecana de Ordenaci\u00f3n Acad\u00e9mica del Grado en Comunicaci\u00f3n Audiovisual junto con el Coordinador de Proyecci\u00f3n del Grado, Vicente J. P\u00e9rez, para daros a todos y todas una cordial bienvenida al curso 2020-2021.<\/p>\n<p>Este curso seguiremos una modalidad dual de ense\u00f1anza, y por tanto se requiere reservar asiento en la AppUMH para la asistencia presencial de las clases te\u00f3ricas. La asistencia presencial quedar\u00e1 limitada a los aforos permitidos de las diferentes estancias: aulas te\u00f3ricas, aulas de inform\u00e1tica y laboratorios. El resto de estudiantes podr\u00e1 seguir online las clases a trav\u00e9s de Google Meet desde vuestro acceso identificado y en el Campus Virtual UNIVERSITE de las asignaturas en las que est\u00e1is matriculados y matriculadas.<\/p>\n<p>Es importante que revis\u00e9is vuestras reservas en la APP hasta el \u00faltimo momento, por si pudiese haber alg\u00fan ajuste o cambio antes del inicio de las clases el pr\u00f3ximo d\u00eda 21 de septiembre.<\/p>\n<p>Es responsabilidad de todos y todas seguir las medidas e indicaciones de prevenci\u00f3n y seguridad dentro y fuera del aula: venid a clase con la mascarilla puesta, usad el gel que se ha dispuesto en el exterior de los pasillos, guardad la distancia de seguridad, permaneced el menor tiempo posible en las zonas de paso y zonas comunes, etc.<\/p>\n<p>Con el fin de evitar aglomeraciones en los pasillos, se realizar\u00e1 una entrada escalonada a las aulas cuando coincida la hora de inicio de las clases de varias asignaturas. El primer d\u00eda de clase deber\u00e9is tenerlo presente.<\/p>\n<ul>\n<li>Las asignaturas que se imparten en las aulas te\u00f3ricas de Atzavares 3 y 5 entrar\u00e1n entre la hora de inicio de la asignatura y hasta 10 minutos despu\u00e9s. Por ejemplo: si la hora de inicio de una clase es a las 15:00 horas, la entrada en el aula se realizar\u00e1 desde las 15:00 y hasta las 15:10 horas.<\/li>\n<li>El acceso a las aulas de las asignaturas que se imparten en las aulas te\u00f3ricas de Atzavares 3 y 5 se realizar\u00e1 pasados los 10 minutos de la hora de inicio y hasta 10 minutos despu\u00e9s. Por ejemplo: si la hora de inicio de la clase es a las 15:00 horas, la entrada en el aula se realizar\u00e1 desde las 15:10 hasta las 15:20 horas).<\/li>\n<\/ul>\n<p>\u00b7\u00a0\u00a0\u00a0\u00a0\u00a0\u00a0 Ser\u00e1 indispensable que seamos muy puntuales, pues una vez comenzada la clase no se podr\u00e1 acceder a la misma por motivos de seguridad, tampoco sin previa reserva de asiento en las aulas te\u00f3ricas.<\/p>\n<p>Por ello y para informaros con m\u00e1s detalle de estas y otras cuestiones organizativas y medidas, hemos planificado una sesi\u00f3n de bienvenida para cada curso de la titulaci\u00f3n. Ser\u00e1 tambi\u00e9n una buena ocasi\u00f3n para que pod\u00e1is plantear cualquier duda que teng\u00e1is al respecto.<\/p>\n<p>Las sesiones de bienvenida quedan organizadas de la siguiente forma:<\/p>\n<p><strong>El d\u00eda 21 de septiembre se realizar\u00e1 la bienvenida para 2\u00ba, 3\u00ba y 4\u00ba curso<\/strong><\/p>\n<p>\u00b7\u00a0\u00a0\u00a0\u00a0\u00a0\u00a0 4\u00ba CURSO \/ dentro del horario de la asignatura Mediaciones Culturales en las Artes.<\/p>\n<p>\u00b7\u00a0\u00a0\u00a0\u00a0\u00a0\u00a0 3\u00ba CURSO \/ dentro del horario de la asignatura Direcci\u00f3n de Producci\u00f3n.<\/p>\n<p>\u00b7\u00a0\u00a0\u00a0\u00a0\u00a0\u00a0 2\u00ba CURSO \/ dentro del horario de la asignatura Tecnolog\u00eda de los Medios Audiovisuales I.<\/p>\n<p>De nuevo daros la bienvenida.<\/p>\n<p>Saludos,<\/p>\n<p>Roc\u00edo Cifuentes Albeza<\/p>\n<p>Vicedecana del Grado en Comunicaci\u00f3n Audiovisual<\/p>\n","protected":false},"excerpt":{"rendered":"<p>Estimados y estimadas estudiantes de 2\u00ba, 3\u00ba y 4\u00ba curso, publico este anuncio, como Vicedecana de Ordenaci\u00f3n Acad\u00e9mica del Grado en Comunicaci\u00f3n Audiovisual junto con el Coordinador de Proyecci\u00f3n del Grado, Vicente J. P\u00e9rez, para daros a todos y todas una cordial bienvenida al curso 2020-2021. Este curso seguiremos una modalidad dual de ense\u00f1anza, y [&hellip;]<\/p>\n","protected":false},"author":1724,"featured_media":0,"comment_status":"closed","ping_status":"open","sticky":false,"template":"","format":"standard","meta":{"_links_to":"","_links_to_target":""},"categories":[2,270,280],"tags":[],"_links":{"self":[{"href":"https:\/\/gradocau.umh.es\/ca\/wp-json\/wp\/v2\/posts\/5304"}],"collection":[{"href":"https:\/\/gradocau.umh.es\/ca\/wp-json\/wp\/v2\/posts"}],"about":[{"href":"https:\/\/gradocau.umh.es\/ca\/wp-json\/wp\/v2\/types\/post"}],"author":[{"embeddable":true,"href":"https:\/\/gradocau.umh.es\/ca\/wp-json\/wp\/v2\/users\/1724"}],"replies":[{"embeddable":true,"href":"https:\/\/gradocau.umh.es\/ca\/wp-json\/wp\/v2\/comments?post=5304"}],"version-history":[{"count":0,"href":"https:\/\/gradocau.umh.es\/ca\/wp-json\/wp\/v2\/posts\/5304\/revisions"}],"wp:attachment":[{"href":"https:\/\/gradocau.umh.es\/ca\/wp-json\/wp\/v2\/media?parent=5304"}],"wp:term":[{"taxonomy":"category","embeddable":true,"href":"https:\/\/gradocau.umh.es\/ca\/wp-json\/wp\/v2\/categories?post=5304"},{"taxonomy":"post_tag","embeddable":true,"href":"https:\/\/gradocau.umh.es\/ca\/wp-json\/wp\/v2\/tags?post=5304"}],"curies":[{"name":"wp","href":"https:\/\/api.w.org\/{rel}","templated":true}]}}