{"id":5235,"date":"2020-09-14T06:53:10","date_gmt":"2020-09-14T06:53:10","guid":{"rendered":"http:\/\/gradocau.umh.es\/?p=5235"},"modified":"2020-09-14T10:40:23","modified_gmt":"2020-09-14T10:40:23","slug":"las-estudiantes-de-cau-raquel-minguez-y-tamara-ortiz-seleccionadas-en-el-programa-atenea","status":"publish","type":"post","link":"https:\/\/gradocau.umh.es\/ca\/2020\/09\/14\/las-estudiantes-de-cau-raquel-minguez-y-tamara-ortiz-seleccionadas-en-el-programa-atenea\/","title":{"rendered":"Las estudiantes de CAU, Raquel Minguez y Tamara Ort\u00edz, seleccionadas en el Programa Atenea"},"content":{"rendered":"<p><a href=\"http:\/\/gradocau.umh.es\/files\/2020\/09\/raquel-minguez.png\"><img loading=\"lazy\" class=\" size-medium wp-image-5236 alignnone\" src=\"http:\/\/gradocau.umh.es\/files\/2020\/09\/raquel-minguez-300x300.png\" alt=\"Raquel Minguez\" width=\"300\" height=\"300\" srcset=\"https:\/\/gradocau.umh.es\/files\/2020\/09\/raquel-minguez-300x300.png 300w, https:\/\/gradocau.umh.es\/files\/2020\/09\/raquel-minguez-150x150.png 150w, https:\/\/gradocau.umh.es\/files\/2020\/09\/raquel-minguez.png 1024w\" sizes=\"(max-width: 300px) 100vw, 300px\" \/><\/a><\/p>\n<p><em>ANITA<\/em> de Raquel Minguez y Tamara Ort\u00edz del Grado en Comunicaci\u00f3n Audiovisual de la UMH ha sido el proyecto seleccionado en la categor\u00eda de ficci\u00f3n del <span class=\"Ninguno\"><b>Programa Atenea<\/b><\/span>. Este programa busca promover el talento de j\u00f3venes estudiantes, o reci\u00e9n graduadas en cine, ofreciendo tutor\u00edas personalizadas con expertas del sector con el fin de orientar, aconsejar y potenciar la viabilidad de sus proyectos.<\/p>\n<p>Tras el \u00e9xito de la primera edici\u00f3n, el IVC vuelve a apostar por este innovador programa con el apoyo de las cuatro principales universidades de la Comunidad Valenciana, <strong>Miguel Hern\u00e1ndez de Elche, Universitat Jaume I de Castell\u00f3n, Universitat de Val\u00e8ncia (TAU) y Universitat Polit\u00e8cnic de Val\u00e8ncia<\/strong> y la <strong>Escola d\u2019Art i Superi\u00f3r de Disseny de Val\u00e8ncia \u2013 EASD<\/strong>.<\/p>\n<p>El <strong>Programa Atenea<\/strong> est\u00e1 pensado para promover el talento de j\u00f3venes estudiantes o reci\u00e9n graduadas en cine \u2013las <strong>AMAZONAS<\/strong>\u2013 ofreciendo una serie de tutor\u00edas personalizadas con expertas del sector \u2013las <strong>ATENEAS<\/strong>\u2013 con el fin de dar forma a sus proyectos cinematogr\u00e1ficos. El plan de trabajo, que se ha extendido a lo largo de todo el a\u00f1o, tiene previsto realizar las tutor\u00edas durante este mes de septiembre. Al igual que la edici\u00f3n pasada, el programa contar\u00e1 con <strong>2 sesiones de tutor\u00edas<\/strong> con diferentes mujeres expertas en la <strong>creaci\u00f3n y producci\u00f3n audiovisual <\/strong>y una tutor\u00eda y sesi\u00f3n final de <strong>pitching<\/strong> donde las participantes podr\u00e1n tener una idea del mundo profesional en el que van a entrar despu\u00e9s de la universidad.<\/p>\n","protected":false},"excerpt":{"rendered":"<p>ANITA de Raquel Minguez y Tamara Ort\u00edz del Grado en Comunicaci\u00f3n Audiovisual de la UMH ha sido el proyecto seleccionado en la categor\u00eda de ficci\u00f3n del Programa Atenea. Este programa busca promover el talento de j\u00f3venes estudiantes, o reci\u00e9n graduadas en cine, ofreciendo tutor\u00edas personalizadas con expertas del sector con el fin de orientar, aconsejar [&hellip;]<\/p>\n","protected":false},"author":1724,"featured_media":0,"comment_status":"closed","ping_status":"open","sticky":false,"template":"","format":"standard","meta":{"_links_to":"","_links_to_target":""},"categories":[112,211,81,247,185],"tags":[],"_links":{"self":[{"href":"https:\/\/gradocau.umh.es\/ca\/wp-json\/wp\/v2\/posts\/5235"}],"collection":[{"href":"https:\/\/gradocau.umh.es\/ca\/wp-json\/wp\/v2\/posts"}],"about":[{"href":"https:\/\/gradocau.umh.es\/ca\/wp-json\/wp\/v2\/types\/post"}],"author":[{"embeddable":true,"href":"https:\/\/gradocau.umh.es\/ca\/wp-json\/wp\/v2\/users\/1724"}],"replies":[{"embeddable":true,"href":"https:\/\/gradocau.umh.es\/ca\/wp-json\/wp\/v2\/comments?post=5235"}],"version-history":[{"count":0,"href":"https:\/\/gradocau.umh.es\/ca\/wp-json\/wp\/v2\/posts\/5235\/revisions"}],"wp:attachment":[{"href":"https:\/\/gradocau.umh.es\/ca\/wp-json\/wp\/v2\/media?parent=5235"}],"wp:term":[{"taxonomy":"category","embeddable":true,"href":"https:\/\/gradocau.umh.es\/ca\/wp-json\/wp\/v2\/categories?post=5235"},{"taxonomy":"post_tag","embeddable":true,"href":"https:\/\/gradocau.umh.es\/ca\/wp-json\/wp\/v2\/tags?post=5235"}],"curies":[{"name":"wp","href":"https:\/\/api.w.org\/{rel}","templated":true}]}}