{"id":5227,"date":"2020-09-12T07:59:52","date_gmt":"2020-09-12T07:59:52","guid":{"rendered":"http:\/\/gradocau.umh.es\/?p=5227"},"modified":"2020-09-12T08:50:34","modified_gmt":"2020-09-12T08:50:34","slug":"abierto-el-plazo-de-inscripcion-del-festival-internacional-de-cine-fantastico-de-elche-fantaelx","status":"publish","type":"post","link":"https:\/\/gradocau.umh.es\/ca\/2020\/09\/12\/abierto-el-plazo-de-inscripcion-del-festival-internacional-de-cine-fantastico-de-elche-fantaelx\/","title":{"rendered":"Abierto el plazo de inscripci\u00f3n del Festival Internacional de Cine Fant\u00e1stico de Elche-FANTAELX"},"content":{"rendered":"<p><a href=\"http:\/\/gradocau.umh.es\/files\/2020\/09\/logotipo-fantaelx.png\"><img loading=\"lazy\" class=\"  alignnone wp-image-5228\" src=\"http:\/\/gradocau.umh.es\/files\/2020\/09\/logotipo-fantaelx-300x153.png\" alt=\"logotipo fantaelx\" width=\"400\" height=\"204\" srcset=\"https:\/\/gradocau.umh.es\/files\/2020\/09\/logotipo-fantaelx-300x153.png 300w, https:\/\/gradocau.umh.es\/files\/2020\/09\/logotipo-fantaelx.png 697w\" sizes=\"(max-width: 400px) 100vw, 400px\" \/><\/a><\/p>\n<p>El grupo de investigaci\u00f3n Massiva de la Universidad Miguel Hern\u00e1ndez (UMH) de Elche y la asociaci\u00f3n \u201cUnicornio Negro\u201d han organizado el Festival Internacional de Cine Fant\u00e1stico de Elche \u2013 FANTAELX. Los organizadores han abierto el plazo de inscripci\u00f3n de cortometrajes de g\u00e9nero fant\u00e1stico para esta octava edici\u00f3n, que se celebrar\u00e1 del 12 al 14 de noviembre en Elche.<\/p>\n<p>En esta edici\u00f3n se establecen tres distinciones. Por un lado, la de \u2018Mejor cortometraje internacional\u2019, que recibir\u00e1 como premio un obsequio y acceso directo al Festival Internacional de Cine de Terror de Valpara\u00edso (Chile); y la de \u2018Mejor cortometraje nacional\u2019, cuyo premio ser\u00e1 un obsequio y acceso directo al Festival de Cortometrajes de Terror y Fant\u00e1stico 1000 Gritos de Buenos Aires (Argentina). Asimismo, se distinguir\u00e1 al \u2018Mejor cortometraje alicantino\u2019, reconocido con un obsequio y acceso directo al festival Navidades Sangrientas \u2013 Weekend Horror Awards, de Alicante.<\/p>\n<p>El Jurado de Selecci\u00f3n y Calificaci\u00f3n est\u00e1 compuesto por la actriz, directora y cantante Adriana Gil; la artista visual Beatriz Galiano; el director, guionista e ilustrador Joan Mart\u00edn Gim\u00e9nez; el cineasta ilicitano Paco Soto; y el profesor del Departamento de Arte de la UMH, director del Grupo de Investigaci\u00f3n Massiva y co-director del congreso desarrollado en el festival, Mario-Paul Mart\u00ednez Fabre. En la presente edici\u00f3n, y debido a la situaci\u00f3n de excepcionalidad provocada por la COVID-19, las actividades del festival se ver\u00e1n adaptar\u00e1n para cumplir con las estrictas medidas de aforo, seguridad e higiene. Por ello, las proyecciones de cortometrajes a competici\u00f3n se desarrollar\u00e1n \u00fanicamente durante la tarde del 14 de noviembre.<\/p>\n<p>Por parte de la UMH, los responsables de esta actividad son los profesores Mario-Paul Mart\u00ednez Fabre y Fran Mateu. En FANTAELX colaboran, tambi\u00e9n, organismos como el Vicerrectorado de Cultura de la UMH, la Concejal\u00eda de Cultura del Ayuntamiento de Elche, Visit Elche, el centro comercial l\u2019Aljub o la tienda alicantina Cinema Paradiso, que colabora con los obsequios entregados a las obras ganadoras.<\/p>\n<p><a title=\"Bases_Fantaelx\" href=\"http:\/\/www.festivalcinefantaelx.com\/inscripcion\/\" target=\"_blank\">Bases y el procedimiento de inscripci\u00f3n\u00a0<\/a><\/p>\n<p><a title=\"Informaci\u00f3n sobre el Festival de Cine Fantaelx\" href=\"http:\/\/www.festivalcinefantaelx.com\/\" target=\"_blank\">Informaci\u00f3n sobre el Festival<\/a><\/p>\n","protected":false},"excerpt":{"rendered":"<p>El grupo de investigaci\u00f3n Massiva de la Universidad Miguel Hern\u00e1ndez (UMH) de Elche y la asociaci\u00f3n \u201cUnicornio Negro\u201d han organizado el Festival Internacional de Cine Fant\u00e1stico de Elche \u2013 FANTAELX. Los organizadores han abierto el plazo de inscripci\u00f3n de cortometrajes de g\u00e9nero fant\u00e1stico para esta octava edici\u00f3n, que se celebrar\u00e1 del 12 al 14 de [&hellip;]<\/p>\n","protected":false},"author":1724,"featured_media":0,"comment_status":"closed","ping_status":"open","sticky":false,"template":"","format":"standard","meta":{"_links_to":"","_links_to_target":""},"categories":[224,211,270,22],"tags":[279],"_links":{"self":[{"href":"https:\/\/gradocau.umh.es\/ca\/wp-json\/wp\/v2\/posts\/5227"}],"collection":[{"href":"https:\/\/gradocau.umh.es\/ca\/wp-json\/wp\/v2\/posts"}],"about":[{"href":"https:\/\/gradocau.umh.es\/ca\/wp-json\/wp\/v2\/types\/post"}],"author":[{"embeddable":true,"href":"https:\/\/gradocau.umh.es\/ca\/wp-json\/wp\/v2\/users\/1724"}],"replies":[{"embeddable":true,"href":"https:\/\/gradocau.umh.es\/ca\/wp-json\/wp\/v2\/comments?post=5227"}],"version-history":[{"count":0,"href":"https:\/\/gradocau.umh.es\/ca\/wp-json\/wp\/v2\/posts\/5227\/revisions"}],"wp:attachment":[{"href":"https:\/\/gradocau.umh.es\/ca\/wp-json\/wp\/v2\/media?parent=5227"}],"wp:term":[{"taxonomy":"category","embeddable":true,"href":"https:\/\/gradocau.umh.es\/ca\/wp-json\/wp\/v2\/categories?post=5227"},{"taxonomy":"post_tag","embeddable":true,"href":"https:\/\/gradocau.umh.es\/ca\/wp-json\/wp\/v2\/tags?post=5227"}],"curies":[{"name":"wp","href":"https:\/\/api.w.org\/{rel}","templated":true}]}}