{"id":4974,"date":"2020-04-27T09:12:00","date_gmt":"2020-04-27T09:12:00","guid":{"rendered":"http:\/\/gradocau.umh.es\/?p=4974"},"modified":"2020-04-27T09:12:00","modified_gmt":"2020-04-27T09:12:00","slug":"recordamos-festival-de-cine-universitario-zoom-in-convocatoria-abierta-hasta-el-5-de-junio","status":"publish","type":"post","link":"https:\/\/gradocau.umh.es\/ca\/2020\/04\/27\/recordamos-festival-de-cine-universitario-zoom-in-convocatoria-abierta-hasta-el-5-de-junio\/","title":{"rendered":"Recordamos: Festival de Cine Universitario Zoom In: convocatoria abierta hasta el 5 de junio"},"content":{"rendered":"<p>En las <a href=\"https:\/\/caup.umh.es\/files\/2020\/03\/FESTIVAL-ZOOM-IN-2020-Bases-concurso.pdf\" target=\"_blank\">Bases concurso<\/a> los estudiantes interesados pueden presentar sus trabajos hasta el 5 de junio. Podr\u00e1n participar\u00a0 los estudiantes matriculados durante el curso 2019\/2020 en los grados de la Facultad de Ciencias Sociales y Jur\u00eddicas de Elche de la Universidad Miguel Hern\u00e1ndez y Alumni de estas titulaciones. Los cortometrajes deben tener una duraci\u00f3n no superior a 15 minutos, cr\u00e9ditos incluidos. La tem\u00e1tica libre contempla la ficci\u00f3n, animaci\u00f3n o documental. La producci\u00f3n del cortometraje debe ser posterior a enero de 2018. Se establece un premio al mejor cortometraje y dos finalistas. Los tres galardonados ser\u00e1n exhibidos en la secci\u00f3n no oficial Mostrat de FICIE, certificado y un pack de merchandise de la universidad.\u00a0 Adem\u00e1s, y hasta cubrir 30 minutos, el jurado seleccionar\u00e1 entre los no premiados otros trabajos para que puedan ser exhibidos en la secci\u00f3n Mostrat.<\/p>\n<p>La cuarta convocatoria FICIE UMH ESTUDIANTE cambia de nombre y se convierte en el Festival de Cine Universitario Zoom In. Este evento se ha consolidado en la oferta de los estudiantes de los grados en Comunicaci\u00f3n y ofrece a los estudiantes la posibilidad de que sus cortometrajes sean exhibidos en el Festival Internacional de Cine Independiente de Elche, que con m\u00e1s de 40 ediciones es el veterano en la Comunidad Valenciana y uno de los m\u00e1s prestigiosos a nivel mundial en el \u00e1mbito del cortometraje. \u00c9ste era un paso natural para esta convocatoria y que tiene por objeto difundir los mejores trabajos de sus estudiantes en el \u00e1mbito del audiovisual y la cinematograf\u00eda.<\/p>\n<p>La Facultad de Ciencias Sociales y Jur\u00eddicas de Elche se suma al proyecto respaldando la actividad como colaborador a los ya existentes: Grado en Comunicaci\u00f3n Audiovisual, Grado en Periodismo, Doble Grado en Comunicaci\u00f3n Audiovisual y Periodismo, Departamento de Ciencias o Sociales y Humanas y Festival Internacional de Cine Independiente de Elche. El certamen Zoom In est\u00e1 coordinado por la profesora Montserrat Jurado Mart\u00edn y cuenta en su jurado con docentes y profesionales de los grados implicados.<\/p>\n<p>BASES COMPLETAS: <a href=\"https:\/\/caup.umh.es\/files\/2020\/03\/FESTIVAL-ZOOM-IN-2020-Bases-concurso.pdf\" target=\"_blank\">FESTIVAL ZOOM IN 2020 Bases concurso<\/a><\/p>\n","protected":false},"excerpt":{"rendered":"<p>En las Bases concurso los estudiantes interesados pueden presentar sus trabajos hasta el 5 de junio. Podr\u00e1n participar\u00a0 los estudiantes matriculados durante el curso 2019\/2020 en los grados de la Facultad de Ciencias Sociales y Jur\u00eddicas de Elche de la Universidad Miguel Hern\u00e1ndez y Alumni de estas titulaciones. Los cortometrajes deben tener una duraci\u00f3n no [&hellip;]<\/p>\n","protected":false},"author":1724,"featured_media":0,"comment_status":"closed","ping_status":"open","sticky":false,"template":"","format":"standard","meta":{"_links_to":"","_links_to_target":""},"categories":[211,24,22],"tags":[],"_links":{"self":[{"href":"https:\/\/gradocau.umh.es\/ca\/wp-json\/wp\/v2\/posts\/4974"}],"collection":[{"href":"https:\/\/gradocau.umh.es\/ca\/wp-json\/wp\/v2\/posts"}],"about":[{"href":"https:\/\/gradocau.umh.es\/ca\/wp-json\/wp\/v2\/types\/post"}],"author":[{"embeddable":true,"href":"https:\/\/gradocau.umh.es\/ca\/wp-json\/wp\/v2\/users\/1724"}],"replies":[{"embeddable":true,"href":"https:\/\/gradocau.umh.es\/ca\/wp-json\/wp\/v2\/comments?post=4974"}],"version-history":[{"count":0,"href":"https:\/\/gradocau.umh.es\/ca\/wp-json\/wp\/v2\/posts\/4974\/revisions"}],"wp:attachment":[{"href":"https:\/\/gradocau.umh.es\/ca\/wp-json\/wp\/v2\/media?parent=4974"}],"wp:term":[{"taxonomy":"category","embeddable":true,"href":"https:\/\/gradocau.umh.es\/ca\/wp-json\/wp\/v2\/categories?post=4974"},{"taxonomy":"post_tag","embeddable":true,"href":"https:\/\/gradocau.umh.es\/ca\/wp-json\/wp\/v2\/tags?post=4974"}],"curies":[{"name":"wp","href":"https:\/\/api.w.org\/{rel}","templated":true}]}}