{"id":4972,"date":"2020-04-23T16:54:07","date_gmt":"2020-04-23T16:54:07","guid":{"rendered":"http:\/\/gradocau.umh.es\/?p=4972"},"modified":"2020-04-23T16:54:07","modified_gmt":"2020-04-23T16:54:07","slug":"convocatoria-programa-atenea","status":"publish","type":"post","link":"https:\/\/gradocau.umh.es\/ca\/2020\/04\/23\/convocatoria-programa-atenea\/","title":{"rendered":"CONVOCATORIA PROGRAMA ATENEA"},"content":{"rendered":"<p>Tras el \u00e9xito de la primera edici\u00f3n, vuelve el programa de tutor\u00edas para j\u00f3venes alumnas de cursos audiovisuales, promovido por la Asociaci\u00f3n Dona i Cinema y organizado por el Institut Valenci\u00e0 de Cultura \u2013 IVC.\u00a0\u00a0La iniciativa nace de la necesidad de promover el talento de j\u00f3venes directoras (<strong>AMAZONAS<\/strong>) en la fase final de su carrera universitaria o reci\u00e9n graduadas, a trav\u00e9s de una serie de tutor\u00edas personalizadas con expertas del sector (<strong>ATENEAS<\/strong>), con el fin de orientar, aconsejar y potenciar la viabilidad de sus proyectos.<br \/>\nAqu\u00ed pod\u00e9is consultar las <a href=\"https:\/\/mcusercontent.com\/d5cbc12720915dfd0dc4654be\/files\/785e14a3-b0d0-4c93-971c-6df0660d99c1\/BASES_DE_PARTICICPACI%C3%93N_ATENEA2_CAST.pdf\" target=\"_blank\"><strong>BASES<\/strong> <\/a>y las <a href=\"https:\/\/mcusercontent.com\/d5cbc12720915dfd0dc4654be\/files\/231721f3-9dcb-47c4-a77d-05d5387f8ad4\/PREGUNTAS_FRECUENTES_PROG_ATENEA_2020_ok.pdf\" target=\"_blank\"><strong>PREGUNTAS FRECUENTES<\/strong><\/a>. No dud\u00e9is en contactar con vuestro\/a tutor\/a o con nosotras para cualquier duda.<\/p>\n<p>El plazo de recepci\u00f3n de los proyectos es el 31 de agosto de 2020<\/p>\n","protected":false},"excerpt":{"rendered":"<p>Tras el \u00e9xito de la primera edici\u00f3n, vuelve el programa de tutor\u00edas para j\u00f3venes alumnas de cursos audiovisuales, promovido por la Asociaci\u00f3n Dona i Cinema y organizado por el Institut Valenci\u00e0 de Cultura \u2013 IVC.\u00a0\u00a0La iniciativa nace de la necesidad de promover el talento de j\u00f3venes directoras (AMAZONAS) en la fase final de su carrera [&hellip;]<\/p>\n","protected":false},"author":1724,"featured_media":0,"comment_status":"closed","ping_status":"open","sticky":false,"template":"","format":"standard","meta":{"_links_to":"","_links_to_target":""},"categories":[24,242,52],"tags":[],"_links":{"self":[{"href":"https:\/\/gradocau.umh.es\/ca\/wp-json\/wp\/v2\/posts\/4972"}],"collection":[{"href":"https:\/\/gradocau.umh.es\/ca\/wp-json\/wp\/v2\/posts"}],"about":[{"href":"https:\/\/gradocau.umh.es\/ca\/wp-json\/wp\/v2\/types\/post"}],"author":[{"embeddable":true,"href":"https:\/\/gradocau.umh.es\/ca\/wp-json\/wp\/v2\/users\/1724"}],"replies":[{"embeddable":true,"href":"https:\/\/gradocau.umh.es\/ca\/wp-json\/wp\/v2\/comments?post=4972"}],"version-history":[{"count":0,"href":"https:\/\/gradocau.umh.es\/ca\/wp-json\/wp\/v2\/posts\/4972\/revisions"}],"wp:attachment":[{"href":"https:\/\/gradocau.umh.es\/ca\/wp-json\/wp\/v2\/media?parent=4972"}],"wp:term":[{"taxonomy":"category","embeddable":true,"href":"https:\/\/gradocau.umh.es\/ca\/wp-json\/wp\/v2\/categories?post=4972"},{"taxonomy":"post_tag","embeddable":true,"href":"https:\/\/gradocau.umh.es\/ca\/wp-json\/wp\/v2\/tags?post=4972"}],"curies":[{"name":"wp","href":"https:\/\/api.w.org\/{rel}","templated":true}]}}