{"id":4916,"date":"2020-04-03T09:07:56","date_gmt":"2020-04-03T09:07:56","guid":{"rendered":"http:\/\/gradocau.umh.es\/?p=4916"},"modified":"2020-04-03T09:07:56","modified_gmt":"2020-04-03T09:07:56","slug":"se-abre-la-convocatoria-para-el-concurso-cortometrajes-en-cuarentena-dentro-del-festival-internacional-de-cine-independiente-de-elche","status":"publish","type":"post","link":"https:\/\/gradocau.umh.es\/ca\/2020\/04\/03\/se-abre-la-convocatoria-para-el-concurso-cortometrajes-en-cuarentena-dentro-del-festival-internacional-de-cine-independiente-de-elche\/","title":{"rendered":"Se abre la convocatoria para el concurso CORTOMETRAJES EN CUARENTENA, dentro del Festival Internacional de Cine Independiente de Elche"},"content":{"rendered":"<p><a href=\"http:\/\/gradocau.umh.es\/files\/2020\/04\/Imagen-1.png\"><img loading=\"lazy\" class=\"alignleft  wp-image-4922\" src=\"http:\/\/gradocau.umh.es\/files\/2020\/04\/Imagen-1.png\" alt=\"Imagen 1\" width=\"148\" height=\"135\" \/><\/a><a href=\"http:\/\/gradocau.umh.es\/files\/2020\/04\/Imagen-3.png\"><img loading=\"lazy\" class=\"alignleft size-full wp-image-4924\" src=\"http:\/\/gradocau.umh.es\/files\/2020\/04\/Imagen-3.png\" alt=\"Imagen 3\" width=\"143\" height=\"143\" \/><\/a><a href=\"http:\/\/gradocau.umh.es\/files\/2020\/04\/Imagen-2.png\"><img loading=\"lazy\" class=\" size-full wp-image-4923 alignnone\" src=\"http:\/\/gradocau.umh.es\/files\/2020\/04\/Imagen-2.png\" alt=\"Imagen 2\" width=\"110\" height=\"141\" \/><\/a><\/p>\n<p>La Fundaci\u00f3n Caja Mediterr\u00e1neo, a trav\u00e9s de la 43 Edici\u00f3n del Festival Internacional de Cine Independiente de Elche (FICIE) quiere apoyar la campa\u00f1a institucional #yomequedoencasa organizada por el Gobierno de Espa\u00f1a y tambi\u00e9n al <a href=\"https:\/\/www.instagram.com\/cuarentenafilmfestival\/\" target=\"_blank\">Cuarentena Film Festival<\/a>, organizado por <a href=\"https:\/\/www.bedmarfilms.com\/\" target=\"_blank\">Bedmar Films<\/a>, como creadores de esta iniciativa \u00fanica a la que se suma tambi\u00e9n el Festival <a href=\"https:\/\/cinephone.es\/\" target=\"_blank\">Cinephone<\/a>, con el \u00e1nimo de dar salida a la creatividad en estos momentos de confinamiento. Como dicen nuestros socios: pasar el rato, promover la cultura, evitar divorcios, abolir el aburrimiento y mucho m\u00e1s\u2026.mientras dure la cuarentena.<\/p>\n<p><strong><span style=\"text-decoration: underline;\">Duraci\u00f3n:\u00a0<\/span>M\u00ednimo 30 segundos y hasta 2 minutos<\/strong><\/p>\n<p><strong><span style=\"text-decoration: underline;\">Fecha l\u00edmite:<\/span> El comienzo del plazo se har\u00e1 a continuaci\u00f3n del cierre de la admisi\u00f3n de cortos por parte del Cuarentena Film Festival y hasta el 27 de abril de 2020.<\/strong><\/p>\n<p><strong><span style=\"text-decoration: underline;\">Tem\u00e1tica y requisitos:\u00a0<\/span><\/strong>Abierto a todos los confinados, de cualquier nacionalidad. De tem\u00e1tica libre dentro de una cuarentena pero tienen que haber sido rodados <span style=\"text-decoration: underline;\">en casa a partir del 15 de marzo de 2020<\/span> fecha que dio inicio oficial al confinamiento.<\/p>\n<p>Los cortometrajes pueden pertenecer a cualquier g\u00e9nero cinematogr\u00e1fico, siempre que las historias est\u00e9n rodadas \u00edntegramente en casa o desde casa. Se pueden grabar con tu m\u00f3vil, tu c\u00e1mara, tu webcam o lo que se te ocurra.<\/p>\n<p>Los cortos rodados en lengua no espa\u00f1ola tendr\u00e1n que incorporar en el archivo a enviar los subt\u00edtulos en espa\u00f1ol o al menos un documento de texto con el gui\u00f3n.<\/p>\n<p><strong><span style=\"text-decoration: underline;\">Env\u00edo y formato:\u00a0<\/span><\/strong>El cortometraje se enviar\u00e1 a trav\u00e9s de WeTransfer, Dropbox, Google Drive o similiar a <a href=\"mailto:festivalelche@cajamediteerraneo.es\" target=\"_blank\">festivalelche@cajamediteerraneo.es<\/a> con un peso m\u00e1ximo de 500 megas en formato mp4\u00a0 o mov e incluyendo en un fichero aparte el t\u00edtulo, director, tipo dispositivo utilizado (c\u00e1mara, marca de m\u00f3vil, webcam, etc) y correo electr\u00f3nico de contacto. Adem\u00e1s, se deber\u00e1 enviar un cartel o fotograma en jpg del corto.<\/p>\n<p>Estos cortos ser\u00e1n subidos al canal que el FICIE tiene en Youtube y ser\u00e1n visualizados all\u00ed y, tambi\u00e9n, en el <a href=\"https:\/\/www.facebook.com\/festivaldecine\/\" target=\"_blank\">Facebook<\/a> del FICIE.<\/p>\n<p><span style=\"text-decoration: underline;\"><strong>PREMIOS:<\/strong><\/span><\/p>\n<p>Mejor Cortometraje en Cuarentena rodado con Smartphone, dotado con 300 euros y la entrada directa a la Secci\u00f3n Oficial de Cinephone 2020 (Festival de Cine rodado con Smartphone).<\/p>\n<p>Mejor Cortometraje en Cuarentena, rodado con cualquier dispositivo que NO sea smartphone, dotado con 150 euros. (A todos los premios se les aplicar\u00e1n las retenciones fiscales oportunas seg\u00fan la legislaci\u00f3n vigente.)<\/p>\n<p><strong><span style=\"text-decoration: underline;\">Adem\u00e1s:\u00a0<\/span><\/strong>Cinephone escoger\u00e1 a los 10 mejores cortometrajes en cuarentena para entrar a competir por un puesto en su secci\u00f3n oficial de oto\u00f1o de 2020. Los dos cortometrajes ganadores ser\u00e1n proyectados en la Secci\u00f3n Oficial del FICIE en julio de 2020.<\/p>\n<p>El FICIE dar\u00e1 a conocer en cuarentena los dos cortometrajes ganadores.<\/p>\n<p>BASES OFICIALES:\u00a0<a href=\"http:\/\/gradocau.umh.es\/files\/2020\/04\/IMG-20200402-WA0040.jpg\" target=\"_blank\">http:\/\/gradocau.umh.es\/files\/2020\/04\/IMG-20200402-WA0040.jpg<\/a><\/p>\n","protected":false},"excerpt":{"rendered":"<p>La Fundaci\u00f3n Caja Mediterr\u00e1neo, a trav\u00e9s de la 43 Edici\u00f3n del Festival Internacional de Cine Independiente de Elche (FICIE) quiere apoyar la campa\u00f1a institucional #yomequedoencasa organizada por el Gobierno de Espa\u00f1a y tambi\u00e9n al Cuarentena Film Festival, organizado por Bedmar Films, como creadores de esta iniciativa \u00fanica a la que se suma tambi\u00e9n el Festival [&hellip;]<\/p>\n","protected":false},"author":1724,"featured_media":0,"comment_status":"closed","ping_status":"open","sticky":false,"template":"","format":"standard","meta":{"_links_to":"","_links_to_target":""},"categories":[211,24,22],"tags":[17],"_links":{"self":[{"href":"https:\/\/gradocau.umh.es\/ca\/wp-json\/wp\/v2\/posts\/4916"}],"collection":[{"href":"https:\/\/gradocau.umh.es\/ca\/wp-json\/wp\/v2\/posts"}],"about":[{"href":"https:\/\/gradocau.umh.es\/ca\/wp-json\/wp\/v2\/types\/post"}],"author":[{"embeddable":true,"href":"https:\/\/gradocau.umh.es\/ca\/wp-json\/wp\/v2\/users\/1724"}],"replies":[{"embeddable":true,"href":"https:\/\/gradocau.umh.es\/ca\/wp-json\/wp\/v2\/comments?post=4916"}],"version-history":[{"count":0,"href":"https:\/\/gradocau.umh.es\/ca\/wp-json\/wp\/v2\/posts\/4916\/revisions"}],"wp:attachment":[{"href":"https:\/\/gradocau.umh.es\/ca\/wp-json\/wp\/v2\/media?parent=4916"}],"wp:term":[{"taxonomy":"category","embeddable":true,"href":"https:\/\/gradocau.umh.es\/ca\/wp-json\/wp\/v2\/categories?post=4916"},{"taxonomy":"post_tag","embeddable":true,"href":"https:\/\/gradocau.umh.es\/ca\/wp-json\/wp\/v2\/tags?post=4916"}],"curies":[{"name":"wp","href":"https:\/\/api.w.org\/{rel}","templated":true}]}}