{"id":4793,"date":"2020-02-27T07:07:09","date_gmt":"2020-02-27T07:07:09","guid":{"rendered":"http:\/\/gradocau.umh.es\/?p=4793"},"modified":"2020-02-27T07:07:33","modified_gmt":"2020-02-27T07:07:33","slug":"presentacion-de-los-proyecto-atenea-y-pitching-universitas-en-el-grado-en-cau","status":"publish","type":"post","link":"https:\/\/gradocau.umh.es\/ca\/2020\/02\/27\/presentacion-de-los-proyecto-atenea-y-pitching-universitas-en-el-grado-en-cau\/","title":{"rendered":"Presentaci\u00f3n de los proyecto Atenea y Pitching Universitas en el Grado en CAU"},"content":{"rendered":"<p>Los responsables del <strong>Programa Atenea<\/strong> y el proyecto <strong>Pitching Universitas<\/strong> presentar\u00e1n el <strong>martes 3 a las 15 horas sus respectivos proyectos en el Aula 3 de Altzavares<\/strong>. Ambos est\u00e1n dirigidos a los estudiantes de tercer curso pero las charlas est\u00e1n abiertas a todos los estudiantes de CAU interesados.<\/p>\n<p>El Programa Atena ser\u00e1 presentado por sus precursoras Giovanna Ribes y Deborah Micheletti. El proyecto propone promover el talento de j\u00f3venes directoras en la fase final de su carrera universitaria o reci\u00e9n graduadas, a trav\u00e9s de una serie de tutor\u00edas personalizadas con expertas del sector, con el fin de orientar, aconsejar y potenciar la viabilidad de sus proyectos. En colaboraci\u00f3n con las cuatro universidades de la Comunidad Valenciana\u00a0 (UV, UPV, UJI y Miguel Hern\u00e1ndez), y la Escola d\u2019Art i Superior de Disseny de Val\u00e8ncia \u2013 EASD\u00a0 se seleccionar\u00e1n 5 proyectos en fase de desarrollo (2 ficci\u00f3n, 2 documental, 1 animaci\u00f3n). Las becadas disfrutar\u00e1n de las sesiones tutorizadas en Valencia.<\/p>\n<p>\u00c0 Punt y las seis universidades valencianas, que tienen estudios relacionados con la industria de la creaci\u00f3n audiovisual, organizan la<strong>\u00a0cuarta edici\u00f3n del Talent Audiovisual Universitari, Pitching Universitats Valencianes-Sector Audiovisual<\/strong><strong>, <\/strong>un espacio de encuentro entre los profesionales del audiovisual y el talento emergente de las universidades valencianas. Los profesionales Albert Vicent, responsable de la Unidad de Projecci\u00f3n Social de \u00c0 Punt y el profesor de la Universidad de Castell\u00f3n, Esteban Gal\u00e1n contar\u00e1n a los estudiantes del Grado en Comunicaci\u00f3n Audiovisual las novedades que este a\u00f1o tiene el proyecto.<\/p>\n","protected":false},"excerpt":{"rendered":"<p>Los responsables del Programa Atenea y el proyecto Pitching Universitas presentar\u00e1n el martes 3 a las 15 horas sus respectivos proyectos en el Aula 3 de Altzavares. Ambos est\u00e1n dirigidos a los estudiantes de tercer curso pero las charlas est\u00e1n abiertas a todos los estudiantes de CAU interesados. El Programa Atena ser\u00e1 presentado por sus [&hellip;]<\/p>\n","protected":false},"author":1724,"featured_media":0,"comment_status":"closed","ping_status":"open","sticky":false,"template":"","format":"standard","meta":{"_links_to":"","_links_to_target":""},"categories":[112,2,24,247],"tags":[261,260],"_links":{"self":[{"href":"https:\/\/gradocau.umh.es\/ca\/wp-json\/wp\/v2\/posts\/4793"}],"collection":[{"href":"https:\/\/gradocau.umh.es\/ca\/wp-json\/wp\/v2\/posts"}],"about":[{"href":"https:\/\/gradocau.umh.es\/ca\/wp-json\/wp\/v2\/types\/post"}],"author":[{"embeddable":true,"href":"https:\/\/gradocau.umh.es\/ca\/wp-json\/wp\/v2\/users\/1724"}],"replies":[{"embeddable":true,"href":"https:\/\/gradocau.umh.es\/ca\/wp-json\/wp\/v2\/comments?post=4793"}],"version-history":[{"count":0,"href":"https:\/\/gradocau.umh.es\/ca\/wp-json\/wp\/v2\/posts\/4793\/revisions"}],"wp:attachment":[{"href":"https:\/\/gradocau.umh.es\/ca\/wp-json\/wp\/v2\/media?parent=4793"}],"wp:term":[{"taxonomy":"category","embeddable":true,"href":"https:\/\/gradocau.umh.es\/ca\/wp-json\/wp\/v2\/categories?post=4793"},{"taxonomy":"post_tag","embeddable":true,"href":"https:\/\/gradocau.umh.es\/ca\/wp-json\/wp\/v2\/tags?post=4793"}],"curies":[{"name":"wp","href":"https:\/\/api.w.org\/{rel}","templated":true}]}}