{"id":4778,"date":"2020-02-19T18:33:39","date_gmt":"2020-02-19T18:33:39","guid":{"rendered":"http:\/\/gradocau.umh.es\/?p=4778"},"modified":"2020-02-19T18:33:39","modified_gmt":"2020-02-19T18:33:39","slug":"abierta-convocatoria-para-participar-en-curts-2020","status":"publish","type":"post","link":"https:\/\/gradocau.umh.es\/ca\/2020\/02\/19\/abierta-convocatoria-para-participar-en-curts-2020\/","title":{"rendered":"ABIERTA CONVOCATORIA PARA PARTICIPAR EN CURTS 2020"},"content":{"rendered":"<p>El Institut Valenci\u00e0 de Cultura abre una nueva convocatoria de Curts Comunitat Valenciana con el objetivo de editar un cat\u00e1logo formado por una selecci\u00f3n de los cortometrajes m\u00e1s destacados realizados por directores y directoras de la Comunitat Valenciana, que ser\u00e1 difundido tanto en el \u00e1mbito auton\u00f3mico como a nivel nacional e internacional.<\/p>\n<p>Pueden participar obras audiovisuales dirigidas y\/o producidas en la Comunitat Valenciana con posterioridad al 1 de marzo de 2019 y cuya duraci\u00f3n no exceda de 30 minutos.<\/p>\n<p>Plazo de inscripci\u00f3n: el 20\/3\/2020 a las 23:59 horas.\u00a0La inscripci\u00f3n deber\u00e1 realizarse a trav\u00e9s un formulario online, haz click <a href=\"https:\/\/docs.google.com\/forms\/d\/1dOcRCrK_lzrMEAfEp2VXl_EMzMMnlwwtshQYzElNM30\/viewform?edit_requested=true\" target=\"_blank\">aqu\u00ed<\/a>.<\/p>\n<p>Previamente consulta las bases.\u00a0M\u00e1s informaci\u00f3n: <a href=\"https:\/\/caup.umh.es\/2020\/02\/19\/abierta-convocatoria-para-participar-en-curts-2020\/curts_ivac@gva.es\">curts_ivac@gva.es<\/a><\/p>\n","protected":false},"excerpt":{"rendered":"<p>El Institut Valenci\u00e0 de Cultura abre una nueva convocatoria de Curts Comunitat Valenciana con el objetivo de editar un cat\u00e1logo formado por una selecci\u00f3n de los cortometrajes m\u00e1s destacados realizados por directores y directoras de la Comunitat Valenciana, que ser\u00e1 difundido tanto en el \u00e1mbito auton\u00f3mico como a nivel nacional e internacional. Pueden participar obras [&hellip;]<\/p>\n","protected":false},"author":1724,"featured_media":0,"comment_status":"closed","ping_status":"open","sticky":false,"template":"","format":"standard","meta":{"_links_to":"","_links_to_target":""},"categories":[24],"tags":[],"_links":{"self":[{"href":"https:\/\/gradocau.umh.es\/ca\/wp-json\/wp\/v2\/posts\/4778"}],"collection":[{"href":"https:\/\/gradocau.umh.es\/ca\/wp-json\/wp\/v2\/posts"}],"about":[{"href":"https:\/\/gradocau.umh.es\/ca\/wp-json\/wp\/v2\/types\/post"}],"author":[{"embeddable":true,"href":"https:\/\/gradocau.umh.es\/ca\/wp-json\/wp\/v2\/users\/1724"}],"replies":[{"embeddable":true,"href":"https:\/\/gradocau.umh.es\/ca\/wp-json\/wp\/v2\/comments?post=4778"}],"version-history":[{"count":0,"href":"https:\/\/gradocau.umh.es\/ca\/wp-json\/wp\/v2\/posts\/4778\/revisions"}],"wp:attachment":[{"href":"https:\/\/gradocau.umh.es\/ca\/wp-json\/wp\/v2\/media?parent=4778"}],"wp:term":[{"taxonomy":"category","embeddable":true,"href":"https:\/\/gradocau.umh.es\/ca\/wp-json\/wp\/v2\/categories?post=4778"},{"taxonomy":"post_tag","embeddable":true,"href":"https:\/\/gradocau.umh.es\/ca\/wp-json\/wp\/v2\/tags?post=4778"}],"curies":[{"name":"wp","href":"https:\/\/api.w.org\/{rel}","templated":true}]}}