{"id":4680,"date":"2020-01-20T13:16:23","date_gmt":"2020-01-20T13:16:23","guid":{"rendered":"http:\/\/gradocau.umh.es\/?p=4680"},"modified":"2020-01-20T13:16:23","modified_gmt":"2020-01-20T13:16:23","slug":"vuelve-el-seminario-5-y-accion-para-los-alumnos-de-primer-curso-del-grado-en-comunicacion-audiovisual-y-doble-grado-en-comunicacion-audiovisual-y-periodismo","status":"publish","type":"post","link":"https:\/\/gradocau.umh.es\/ca\/2020\/01\/20\/vuelve-el-seminario-5-y-accion-para-los-alumnos-de-primer-curso-del-grado-en-comunicacion-audiovisual-y-doble-grado-en-comunicacion-audiovisual-y-periodismo\/","title":{"rendered":"VUELVE EL SEMINARIO 5 Y ACCI\u00d3N PARA LOS ALUMNOS DE PRIMER CURSO DEL GRADO EN COMUNICACI\u00d3N AUDIOVISUAL Y DOBLE GRADO EN COMUNICACI\u00d3N AUDIOVISUAL Y PERIODISMO"},"content":{"rendered":"<p><strong>Se retoma el Seminario 5 y Acci\u00f3n<\/strong>, que se realizar\u00e1 durante el segundo semestre, desde febrero a mayo de 2020.<br \/>\nEstar atentos, pr\u00f3ximamente publicaremos el programa actualizado con las nuevas fechas de los talleres.<br \/>\nCualquier consulta pod\u00e9is enviar un mail al profesor Francisco Juli\u00e1n Mart\u00ednez Cano,\u00a0<a href=\"mailto:francisco.martinezc@umh.es\" target=\"_blank\">francisco.martinezc@umh.es<\/a><\/p>\n","protected":false},"excerpt":{"rendered":"<p>Se retoma el Seminario 5 y Acci\u00f3n, que se realizar\u00e1 durante el segundo semestre, desde febrero a mayo de 2020. Estar atentos, pr\u00f3ximamente publicaremos el programa actualizado con las nuevas fechas de los talleres. Cualquier consulta pod\u00e9is enviar un mail al profesor Francisco Juli\u00e1n Mart\u00ednez Cano,\u00a0francisco.martinezc@umh.es<\/p>\n","protected":false},"author":1724,"featured_media":0,"comment_status":"closed","ping_status":"open","sticky":false,"template":"","format":"standard","meta":{"_links_to":"","_links_to_target":""},"categories":[112,2,211,102,52],"tags":[140],"_links":{"self":[{"href":"https:\/\/gradocau.umh.es\/ca\/wp-json\/wp\/v2\/posts\/4680"}],"collection":[{"href":"https:\/\/gradocau.umh.es\/ca\/wp-json\/wp\/v2\/posts"}],"about":[{"href":"https:\/\/gradocau.umh.es\/ca\/wp-json\/wp\/v2\/types\/post"}],"author":[{"embeddable":true,"href":"https:\/\/gradocau.umh.es\/ca\/wp-json\/wp\/v2\/users\/1724"}],"replies":[{"embeddable":true,"href":"https:\/\/gradocau.umh.es\/ca\/wp-json\/wp\/v2\/comments?post=4680"}],"version-history":[{"count":0,"href":"https:\/\/gradocau.umh.es\/ca\/wp-json\/wp\/v2\/posts\/4680\/revisions"}],"wp:attachment":[{"href":"https:\/\/gradocau.umh.es\/ca\/wp-json\/wp\/v2\/media?parent=4680"}],"wp:term":[{"taxonomy":"category","embeddable":true,"href":"https:\/\/gradocau.umh.es\/ca\/wp-json\/wp\/v2\/categories?post=4680"},{"taxonomy":"post_tag","embeddable":true,"href":"https:\/\/gradocau.umh.es\/ca\/wp-json\/wp\/v2\/tags?post=4680"}],"curies":[{"name":"wp","href":"https:\/\/api.w.org\/{rel}","templated":true}]}}