{"id":4606,"date":"2019-12-17T14:33:11","date_gmt":"2019-12-17T14:33:11","guid":{"rendered":"http:\/\/gradocau.umh.es\/?p=4606"},"modified":"2019-12-17T14:33:11","modified_gmt":"2019-12-17T14:33:11","slug":"visita-del-ies-haygon-de-san-vicente-del-raspeig-a-cau-caup-y-periodismo","status":"publish","type":"post","link":"https:\/\/gradocau.umh.es\/ca\/2019\/12\/17\/visita-del-ies-haygon-de-san-vicente-del-raspeig-a-cau-caup-y-periodismo\/","title":{"rendered":"Visita del IES Hayg\u00f3n de San Vicente del Raspeig a CAU, CAUP y Periodismo"},"content":{"rendered":"<p>El pasado viernes 13 de diciembre, los <strong>estudiantes del Bachillerato de Artes del IES Hayg\u00f3n de San Vicente del Raspeig, visitaron las instalaciones del Edificio Atzavares<\/strong>, donde se imparten los <strong>grados en Comunicaci\u00f3n Audiovisual y Periodismo y el Doble Grado en\u00a0Comunicaci\u00f3n Audiovisual y Periodismo<\/strong>.<\/p>\n<p>Durante la visita, coordinada por el Vicerrectorado de Estudiantes, con la colaboraci\u00f3n de los grados citados, los alumnos\/as pudieron participar en un programa de Radio UMH y visitar las instalaciones espec\u00edficas de estos estudios, como el plat\u00f3 y las aulas de inform\u00e1tica. Tambi\u00e9n tuvieron la ocasi\u00f3n de ver la webserie &#8220;Sexto sin ascensor&#8221;, trabajo realizado por estudiantes de CAU durante el curso 2018-19, dentro del proyecto transversal \u201cUna UMH Fuera de Series\u201d.<\/p>\n<p>La estudiante en pr\u00e1cticas del Vicerrectorado de Estudiantes, Mar\u00eda Borred\u00e1,\u00a0fue la encargada de guiar la visita.<\/p>\n<p><a href=\"http:\/\/gradocau.umh.es\/files\/2019\/12\/WhatsApp-Image-2019-12-17-at-09.33.35.jpeg\" target=\"_blank\"><img loading=\"lazy\" class=\"alignleft  wp-image-4608\" src=\"http:\/\/gradocau.umh.es\/files\/2019\/12\/WhatsApp-Image-2019-12-17-at-09.33.35-1024x768.jpeg\" alt=\"WhatsApp Image 2019-12-17 at 09.33.35\" width=\"327\" height=\"245\" srcset=\"https:\/\/gradocau.umh.es\/files\/2019\/12\/WhatsApp-Image-2019-12-17-at-09.33.35-1024x768.jpeg 1024w, https:\/\/gradocau.umh.es\/files\/2019\/12\/WhatsApp-Image-2019-12-17-at-09.33.35-300x225.jpeg 300w, https:\/\/gradocau.umh.es\/files\/2019\/12\/WhatsApp-Image-2019-12-17-at-09.33.35.jpeg 2048w\" sizes=\"(max-width: 327px) 100vw, 327px\" \/><\/a> <a href=\"http:\/\/gradocau.umh.es\/files\/2019\/12\/WhatsApp-Image-2019-12-17-at-10.45.07.jpeg\" target=\"_blank\"><img loading=\"lazy\" class=\"alignleft  wp-image-4609\" src=\"http:\/\/gradocau.umh.es\/files\/2019\/12\/WhatsApp-Image-2019-12-17-at-10.45.07-1024x768.jpeg\" alt=\"WhatsApp Image 2019-12-17 at 10.45.07\" width=\"327\" height=\"245\" srcset=\"https:\/\/gradocau.umh.es\/files\/2019\/12\/WhatsApp-Image-2019-12-17-at-10.45.07-1024x768.jpeg 1024w, https:\/\/gradocau.umh.es\/files\/2019\/12\/WhatsApp-Image-2019-12-17-at-10.45.07-300x225.jpeg 300w, https:\/\/gradocau.umh.es\/files\/2019\/12\/WhatsApp-Image-2019-12-17-at-10.45.07.jpeg 2048w\" sizes=\"(max-width: 327px) 100vw, 327px\" \/><\/a><\/p>\n","protected":false},"excerpt":{"rendered":"<p>El pasado viernes 13 de diciembre, los estudiantes del Bachillerato de Artes del IES Hayg\u00f3n de San Vicente del Raspeig, visitaron las instalaciones del Edificio Atzavares, donde se imparten los grados en Comunicaci\u00f3n Audiovisual y Periodismo y el Doble Grado en\u00a0Comunicaci\u00f3n Audiovisual y Periodismo. Durante la visita, coordinada por el Vicerrectorado de Estudiantes, con la [&hellip;]<\/p>\n","protected":false},"author":1724,"featured_media":0,"comment_status":"closed","ping_status":"open","sticky":false,"template":"","format":"standard","meta":{"_links_to":"","_links_to_target":""},"categories":[112,2,249],"tags":[45,245,110,29,11,34],"_links":{"self":[{"href":"https:\/\/gradocau.umh.es\/ca\/wp-json\/wp\/v2\/posts\/4606"}],"collection":[{"href":"https:\/\/gradocau.umh.es\/ca\/wp-json\/wp\/v2\/posts"}],"about":[{"href":"https:\/\/gradocau.umh.es\/ca\/wp-json\/wp\/v2\/types\/post"}],"author":[{"embeddable":true,"href":"https:\/\/gradocau.umh.es\/ca\/wp-json\/wp\/v2\/users\/1724"}],"replies":[{"embeddable":true,"href":"https:\/\/gradocau.umh.es\/ca\/wp-json\/wp\/v2\/comments?post=4606"}],"version-history":[{"count":0,"href":"https:\/\/gradocau.umh.es\/ca\/wp-json\/wp\/v2\/posts\/4606\/revisions"}],"wp:attachment":[{"href":"https:\/\/gradocau.umh.es\/ca\/wp-json\/wp\/v2\/media?parent=4606"}],"wp:term":[{"taxonomy":"category","embeddable":true,"href":"https:\/\/gradocau.umh.es\/ca\/wp-json\/wp\/v2\/categories?post=4606"},{"taxonomy":"post_tag","embeddable":true,"href":"https:\/\/gradocau.umh.es\/ca\/wp-json\/wp\/v2\/tags?post=4606"}],"curies":[{"name":"wp","href":"https:\/\/api.w.org\/{rel}","templated":true}]}}