{"id":4544,"date":"2019-12-08T08:25:17","date_gmt":"2019-12-08T08:25:17","guid":{"rendered":"http:\/\/gradocau.umh.es\/?p=4544"},"modified":"2020-01-04T10:28:51","modified_gmt":"2020-01-04T10:28:51","slug":"iv-seminario-de-creatividad-y-lenguaje-audiovisual-dedicado-a-la-creacion-cinematografica-y-al-videoclip","status":"publish","type":"post","link":"https:\/\/gradocau.umh.es\/ca\/2019\/12\/08\/iv-seminario-de-creatividad-y-lenguaje-audiovisual-dedicado-a-la-creacion-cinematografica-y-al-videoclip\/","title":{"rendered":"VI Seminario de Creatividad y Lenguaje Audiovisual, dedicado a la creaci\u00f3n cinematogr\u00e1fica y al videoclip"},"content":{"rendered":"<p><strong><a href=\"http:\/\/gradocau.umh.es\/files\/2019\/12\/VI_SEMINARIO.jpg\" target=\"_blank\"><img loading=\"lazy\" class=\"alignleft  wp-image-4545\" src=\"http:\/\/gradocau.umh.es\/files\/2019\/12\/VI_SEMINARIO-724x1024.jpg\" alt=\"VI_SEMINARIO\" width=\"273\" height=\"386\" srcset=\"https:\/\/gradocau.umh.es\/files\/2019\/12\/VI_SEMINARIO-724x1024.jpg 724w, https:\/\/gradocau.umh.es\/files\/2019\/12\/VI_SEMINARIO-212x300.jpg 212w\" sizes=\"(max-width: 273px) 100vw, 273px\" \/><\/a>Creatividad y narrativa audiovisual en el cine y los videoclips<\/strong> es el t\u00edtulo de la <strong>VI edici\u00f3n del Seminario de Creatividad y Lenguaje Audiovisual<\/strong> que ha organizado la Facultad de Ciencias Sociales y Jur\u00eddicas de Elche, el Vicerrectorado de Cultura y Extensi\u00f3n Universitaria y el Departamento de Arte de la Universidad Miguel Hern\u00e1ndez (UMH). <strong>La actividad se celebrar\u00e1 el martes 10 de diciembre, a partir de las 16:00 horas, en la Sala Plat\u00f3 del edificio Innova del campus de Elche.<\/strong><\/p>\n<p>Esta sexta edici\u00f3n contar\u00e1 con la participaci\u00f3n de artistas y profesionales del mundo de la creaci\u00f3n art\u00edstica, tanto en el campo de la producci\u00f3n cinematogr\u00e1fica como en el del videoclip. Los ponentes que intervendr\u00e1n en esta jornada son el cineasta ilicitano <strong>Chema Garc\u00eda Ibarra<\/strong>, cuyos trabajos han sido proyectados en festivales nacionales e internacionales tan importantes como Cannes, Sundance, Chicago, Austin o Berl\u00edn, el realizador y cineasta valenciano <strong>\u00c1lex Montoya<\/strong>, nominado al Goya en el a\u00f1o 2014, con m\u00e1s de 170 galardones acumulados a nivel nacional e internacional, y <strong>Carlos Serrano<\/strong>, artista audiovisual del colectivo <em>Ufboys<\/em>, especializado en el campo de la creaci\u00f3n art\u00edstica musical y del videoclip.<\/p>\n<p>Durante la jornada, los ponentes hablar\u00e1n sobre su trayectoria y experiencias profesionales en el campo de la cinematograf\u00eda, la creatividad audiovisual y las producciones audiovisuales de car\u00e1cter musical, los videoclips.<\/p>\n<p>Este Seminario est\u00e1 dirigido especialmente a estudiantes de 2\u00ba curso de los grados en Comunicaci\u00f3n Audiovisual y CAUP y, en general, a estudiantes de otras titulaciones como Bellas Artes y Periodismo, as\u00ed como a profesores, investigadores y profesionales del \u00e1mbito de la comunicaci\u00f3n audiovisual. Esta actividad est\u00e1 dirigida por los profesores Guillermo L\u00f3pez Aliaga y Fernando Fern\u00e1ndez Torres, del Grupo de Investigaci\u00f3n Massiva y del \u00c1rea de Est\u00e9tica y Teor\u00eda de las Artes del Departamento de Arte.<\/p>\n<p>&nbsp;<\/p>\n<p>&nbsp;<\/p>\n<p>&nbsp;<\/p>\n","protected":false},"excerpt":{"rendered":"<p>Creatividad y narrativa audiovisual en el cine y los videoclips es el t\u00edtulo de la VI edici\u00f3n del Seminario de Creatividad y Lenguaje Audiovisual que ha organizado la Facultad de Ciencias Sociales y Jur\u00eddicas de Elche, el Vicerrectorado de Cultura y Extensi\u00f3n Universitaria y el Departamento de Arte de la Universidad Miguel Hern\u00e1ndez (UMH). La [&hellip;]<\/p>\n","protected":false},"author":1724,"featured_media":0,"comment_status":"closed","ping_status":"open","sticky":false,"template":"","format":"standard","meta":{"_links_to":"","_links_to_target":""},"categories":[112,2,235,211,207,234,102],"tags":[45,245,34],"_links":{"self":[{"href":"https:\/\/gradocau.umh.es\/ca\/wp-json\/wp\/v2\/posts\/4544"}],"collection":[{"href":"https:\/\/gradocau.umh.es\/ca\/wp-json\/wp\/v2\/posts"}],"about":[{"href":"https:\/\/gradocau.umh.es\/ca\/wp-json\/wp\/v2\/types\/post"}],"author":[{"embeddable":true,"href":"https:\/\/gradocau.umh.es\/ca\/wp-json\/wp\/v2\/users\/1724"}],"replies":[{"embeddable":true,"href":"https:\/\/gradocau.umh.es\/ca\/wp-json\/wp\/v2\/comments?post=4544"}],"version-history":[{"count":0,"href":"https:\/\/gradocau.umh.es\/ca\/wp-json\/wp\/v2\/posts\/4544\/revisions"}],"wp:attachment":[{"href":"https:\/\/gradocau.umh.es\/ca\/wp-json\/wp\/v2\/media?parent=4544"}],"wp:term":[{"taxonomy":"category","embeddable":true,"href":"https:\/\/gradocau.umh.es\/ca\/wp-json\/wp\/v2\/categories?post=4544"},{"taxonomy":"post_tag","embeddable":true,"href":"https:\/\/gradocau.umh.es\/ca\/wp-json\/wp\/v2\/tags?post=4544"}],"curies":[{"name":"wp","href":"https:\/\/api.w.org\/{rel}","templated":true}]}}