{"id":451,"date":"2014-11-26T15:24:13","date_gmt":"2014-11-26T15:24:13","guid":{"rendered":"http:\/\/gradocau.umh.es\/?p=451"},"modified":"2015-10-03T08:32:59","modified_gmt":"2015-10-03T08:32:59","slug":"actividad-proyeccion-el-formato-audiovisual-su-utilidad-como-herramienta-docente-y-de-divulgacion-cientifica","status":"publish","type":"post","link":"https:\/\/gradocau.umh.es\/ca\/2014\/11\/26\/actividad-proyeccion-el-formato-audiovisual-su-utilidad-como-herramienta-docente-y-de-divulgacion-cientifica\/","title":{"rendered":"Actividad-proyecci\u00f3n &#8220;El formato audiovisual. Su utilidad como herramienta docente y de divulgaci\u00f3n cient\u00edfica&#8221;"},"content":{"rendered":"<p>El Vicerrectorado de Relaciones Internacionales y la Facultad de Ciencias Sociales y Jur\u00eddicas de Elche, a trav\u00e9s del Grado en Comunicaci\u00f3n Audiovisual, organizan el pr\u00f3ximo mi\u00e9rcoles 3 de diciembre de 16:00 a 18:00h en el aula Magna del edificio Altabix la actividad titulada:\u00a0&#8220;El formato audiovisual. Su utilidad como herramienta docente y de divulgaci\u00f3n cient\u00edfica&#8221;. En dicha actividad el director Genilton Vieira (Brasil) proyectar\u00e1 dos de sus documentales, realizados con el apoyo t\u00e9cnico y econ\u00f3mico de <a href=\"http:\/\/portal.fiocruz.br\/\" target=\"_blank\">la Fundaci\u00f3n &#8220;Oswaldo Cruz&#8221;<\/a> (Ministerio de Salud), con sede en R\u00edo de Janeiro (Brasil). Las obras a proyectar son:<\/p>\n<p>(1) <strong>\u201cTriatom\u00ednos: eslabones de una enfermedad\u201d<\/strong>,<strong>\u00a0<\/strong>duraci\u00f3n: 38 minutos. Esta semana est\u00e1 siendo presentado en la 27 Edici\u00f3n de la Bienal Internacional de Cine Cient\u00edfico, al ser uno de los 30 trabajos seleccionado para la fase final.<\/p>\n<p><a href=\"http:\/\/asecic.org\/actualidad\/presentacion-27-edicion-de-la-bienal-internacional-de-cine-cientifico.html\" target=\"_blank\">http:\/\/asecic.org\/actualidad\/presentacion-27-edicion-de-la-bienal-internacional-de-cine-cientifico.html<\/a><\/p>\n<p><span style=\"text-decoration: underline;\">PREMIOS:<\/span><\/p>\n<p><i><span style=\"font-family: Arial; font-size: small;\">&#8211;<\/span><\/i><i><span style=\"font-family: Arial; font-size: small;\">Second Place<\/span><\/i><i><span style=\"font-family: Arial; font-size: small;\">\u00a0in the Health Education Category at the 8th International Medical and Scientific Film Festival \u2013 Videomed, C\u00f3rdoba &#8211;\u00a0Argentina\u00a0 (2011).<\/span><\/i><span style=\"font-family: 'Times New Roman'; font-size: medium;\">\u00a0<\/span><\/p>\n<p><i><span style=\"font-family: Arial; font-size: small;\">-Prize Medical Science Category at the International X Videomed Tucum\u00e1n 2012, \u00a0Province of San Miguel de Tucum\u00e1n &#8211; Argentina -(2012).<\/span><\/i><\/p>\n<p><i><span style=\"font-family: Arial; font-size: small;\">-Prize in Infectious Diseases Site Category at the XVIII International Medical Film Competition, Health and Telemedicine &#8211; Videomed, Badajoz &#8211; Spain ( 2012).<\/span><\/i><\/p>\n<p>&nbsp;<\/p>\n<p>(2) <strong>\u201cAedes aegypty y Aedes albopictus. Una amenaza en los tr\u00f3picos\u201d<\/strong>, duraci\u00f3n: 21 minutos.<\/p>\n<p><span style=\"text-decoration: underline;\">PREMIOS:<\/span><\/p>\n<p><i><span style=\"font-family: Arial; font-size: small;\">-1\u00ba Place (Education for Healthy Category )in 7\u00ba Festival Internacional Cine M\u00e9dico e Cient\u00edfico \u2013 Videomed\u00a0 C\u00f3rdoba, Argentina\u00a0(2009).<\/span><\/i><span style=\"font-family: 'Times New Roman'; font-size: medium;\">\u00a0<\/span><\/p>\n<p><i><span style=\"font-family: Arial; font-size: small;\">-1\u00ba Place in Festival Internacional de Video Cientifico Videociencia\u00a0 in\u00a0Havana\u00a0\u2013Cuba\u00a0(2009).<\/span><\/i><\/p>\n<p><i><span style=\"color: black; font-family: Arial; font-size: small;\">-Special Jury Prize at the Scientific Film Festival of Media Sciences Videomed Santiago \u2013Chile(2010).<\/span><\/i><\/p>\n<p><i><span style=\"font-family: Arial; font-size: small;\">-1\u00ba Place in Internacional\u00a0 Health Disclosure Category Festival Videomed Tucuman \u00a0inArgentina\u00a0(2010).<\/span><\/i><\/p>\n<p><i><span style=\"font-family: Arial; font-size: small;\">-1\u00ba Place \u00a0in\u00a0 XVII Festival Internacional de Cine M\u00e9dico, Sa\u00fade e Telemedicina Videomed Badajoz \u00a0-Espanha (2010).<\/span><\/i><\/p>\n<p><i><span style=\"color: black; font-family: Arial; font-size: small;\">-Special Jury Prize at the International Festival of Audiovisual in Health and Sciences II &#8211; Videosalud \u2013\u00a0Havana-\u00a0Cuba. (2011).<\/span><\/i><\/p>\n<p><i><span style=\"color: black; font-family: Arial; font-size: small;\">-BIRENE prize at the at International Exhibition of audiovisual in Health,\u00a0Havana\u00a0\u2013\u00a0Cuba\u00a0(2011).<\/span><\/i><\/p>\n<p>&nbsp;<\/p>\n<p>&nbsp;<\/p>\n<p>Los documentales incluyen, grabaciones reales y computaci\u00f3n gr\u00e1fica, adem\u00e1s de banda sonora original.<\/p>\n<p><strong>Se suspenden las clases de ese d\u00eda en el horario de<span style=\"text-decoration: underline;\"> 16:00 a 18:00h<\/span>, el resto de la tarde S\u00cd habr\u00e1 clase.<\/strong><\/p>\n<p>\u00a1Os espero en el aula Magna de Altabix!<\/p>\n<p>&nbsp;<\/p>\n<p>&nbsp;<\/p>\n<p>&nbsp;<\/p>\n","protected":false},"excerpt":{"rendered":"<p>El Vicerrectorado de Relaciones Internacionales y la Facultad de Ciencias Sociales y Jur\u00eddicas de Elche, a trav\u00e9s del Grado en Comunicaci\u00f3n Audiovisual, organizan el pr\u00f3ximo mi\u00e9rcoles 3 de diciembre de 16:00 a 18:00h en el aula Magna del edificio Altabix la actividad titulada:\u00a0&#8220;El formato audiovisual. Su utilidad como herramienta docente y de divulgaci\u00f3n cient\u00edfica&#8221;. En [&hellip;]<\/p>\n","protected":false},"author":300,"featured_media":0,"comment_status":"closed","ping_status":"open","sticky":false,"template":"","format":"standard","meta":{"_links_to":"","_links_to_target":""},"categories":[2],"tags":[30],"_links":{"self":[{"href":"https:\/\/gradocau.umh.es\/ca\/wp-json\/wp\/v2\/posts\/451"}],"collection":[{"href":"https:\/\/gradocau.umh.es\/ca\/wp-json\/wp\/v2\/posts"}],"about":[{"href":"https:\/\/gradocau.umh.es\/ca\/wp-json\/wp\/v2\/types\/post"}],"author":[{"embeddable":true,"href":"https:\/\/gradocau.umh.es\/ca\/wp-json\/wp\/v2\/users\/300"}],"replies":[{"embeddable":true,"href":"https:\/\/gradocau.umh.es\/ca\/wp-json\/wp\/v2\/comments?post=451"}],"version-history":[{"count":0,"href":"https:\/\/gradocau.umh.es\/ca\/wp-json\/wp\/v2\/posts\/451\/revisions"}],"wp:attachment":[{"href":"https:\/\/gradocau.umh.es\/ca\/wp-json\/wp\/v2\/media?parent=451"}],"wp:term":[{"taxonomy":"category","embeddable":true,"href":"https:\/\/gradocau.umh.es\/ca\/wp-json\/wp\/v2\/categories?post=451"},{"taxonomy":"post_tag","embeddable":true,"href":"https:\/\/gradocau.umh.es\/ca\/wp-json\/wp\/v2\/tags?post=451"}],"curies":[{"name":"wp","href":"https:\/\/api.w.org\/{rel}","templated":true}]}}