{"id":443,"date":"2014-11-26T09:30:19","date_gmt":"2014-11-26T09:30:19","guid":{"rendered":"http:\/\/gradocau.umh.es\/?p=443"},"modified":"2015-10-03T08:49:44","modified_gmt":"2015-10-03T08:49:44","slug":"convocatoria-dos-becas-de-formacion-en-comunicacion-audiovisual","status":"publish","type":"post","link":"https:\/\/gradocau.umh.es\/ca\/2014\/11\/26\/convocatoria-dos-becas-de-formacion-en-comunicacion-audiovisual\/","title":{"rendered":"CONVOCATORIA DOS BECAS DE FORMACI\u00d3N EN COMUNICACI\u00d3N AUDIOVISUAL"},"content":{"rendered":"<p>La Diputaci\u00f3n de Alicante \u00a0convoca dos becas de formaci\u00f3n para Graduados en Comunicaci\u00f3n Audiovisual.<\/p>\n<p>&nbsp;<\/p>\n<p><a href=\"http:\/\/www.dip-alicante.es\/bop2\/pdftotal\/2014\/11\/25_226\/2014_021634.pdf\" target=\"_blank\">http:\/\/www.dip-alicante.es\/bop2\/pdftotal\/2014\/11\/25_226\/2014_021634.pdf<\/a><\/p>\n","protected":false},"excerpt":{"rendered":"<p>La Diputaci\u00f3n de Alicante \u00a0convoca dos becas de formaci\u00f3n para Graduados en Comunicaci\u00f3n Audiovisual. &nbsp; http:\/\/www.dip-alicante.es\/bop2\/pdftotal\/2014\/11\/25_226\/2014_021634.pdf<\/p>\n","protected":false},"author":300,"featured_media":0,"comment_status":"closed","ping_status":"open","sticky":false,"template":"","format":"standard","meta":{"_links_to":"","_links_to_target":""},"categories":[10],"tags":[31],"_links":{"self":[{"href":"https:\/\/gradocau.umh.es\/ca\/wp-json\/wp\/v2\/posts\/443"}],"collection":[{"href":"https:\/\/gradocau.umh.es\/ca\/wp-json\/wp\/v2\/posts"}],"about":[{"href":"https:\/\/gradocau.umh.es\/ca\/wp-json\/wp\/v2\/types\/post"}],"author":[{"embeddable":true,"href":"https:\/\/gradocau.umh.es\/ca\/wp-json\/wp\/v2\/users\/300"}],"replies":[{"embeddable":true,"href":"https:\/\/gradocau.umh.es\/ca\/wp-json\/wp\/v2\/comments?post=443"}],"version-history":[{"count":0,"href":"https:\/\/gradocau.umh.es\/ca\/wp-json\/wp\/v2\/posts\/443\/revisions"}],"wp:attachment":[{"href":"https:\/\/gradocau.umh.es\/ca\/wp-json\/wp\/v2\/media?parent=443"}],"wp:term":[{"taxonomy":"category","embeddable":true,"href":"https:\/\/gradocau.umh.es\/ca\/wp-json\/wp\/v2\/categories?post=443"},{"taxonomy":"post_tag","embeddable":true,"href":"https:\/\/gradocau.umh.es\/ca\/wp-json\/wp\/v2\/tags?post=443"}],"curies":[{"name":"wp","href":"https:\/\/api.w.org\/{rel}","templated":true}]}}