{"id":4410,"date":"2019-10-29T14:06:33","date_gmt":"2019-10-29T14:06:33","guid":{"rendered":"http:\/\/gradocau.umh.es\/?p=4410"},"modified":"2019-10-29T14:06:33","modified_gmt":"2019-10-29T14:06:33","slug":"recordatorio-sesiones-informativas-de-programas-de-intercambio-para-estudiantes-30-de-octubre","status":"publish","type":"post","link":"https:\/\/gradocau.umh.es\/ca\/2019\/10\/29\/recordatorio-sesiones-informativas-de-programas-de-intercambio-para-estudiantes-30-de-octubre\/","title":{"rendered":"RECORDATORIO Sesiones informativas de Programas de intercambio para estudiantes 30 de octubre"},"content":{"rendered":"<p>Os recordamos que la\u00a0<strong>sesi\u00f3n informativa sobre las\u00a0nuevas convocatorias de programas de movilidad de estudiantes para el curso 2020-2021<\/strong>, para aquellos estudiantes que est\u00e9n interesados en participar en un programa de intercambio, tendr\u00e1 lugar ma\u00f1ana, d\u00eda\u00a0<strong>30 de\u00a0OCTUBRE\u00a0\/ 13:00 h \/\u00a0Aula\u00a01.3 EDIFICIO ARENALS.<\/strong><\/p>\n<p>Esta sesi\u00f3n est\u00e1 organizada por el\u00a0Servicio de Relaciones Internacionales, Cooperaci\u00f3n al Desarrollo y Voluntariado.<\/p>\n","protected":false},"excerpt":{"rendered":"<p>Os recordamos que la\u00a0sesi\u00f3n informativa sobre las\u00a0nuevas convocatorias de programas de movilidad de estudiantes para el curso 2020-2021, para aquellos estudiantes que est\u00e9n interesados en participar en un programa de intercambio, tendr\u00e1 lugar ma\u00f1ana, d\u00eda\u00a030 de\u00a0OCTUBRE\u00a0\/ 13:00 h \/\u00a0Aula\u00a01.3 EDIFICIO ARENALS. Esta sesi\u00f3n est\u00e1 organizada por el\u00a0Servicio de Relaciones Internacionales, Cooperaci\u00f3n al Desarrollo y Voluntariado.<\/p>\n","protected":false},"author":1724,"featured_media":0,"comment_status":"closed","ping_status":"open","sticky":false,"template":"","format":"standard","meta":{"_links_to":"","_links_to_target":""},"categories":[235,237],"tags":[],"_links":{"self":[{"href":"https:\/\/gradocau.umh.es\/ca\/wp-json\/wp\/v2\/posts\/4410"}],"collection":[{"href":"https:\/\/gradocau.umh.es\/ca\/wp-json\/wp\/v2\/posts"}],"about":[{"href":"https:\/\/gradocau.umh.es\/ca\/wp-json\/wp\/v2\/types\/post"}],"author":[{"embeddable":true,"href":"https:\/\/gradocau.umh.es\/ca\/wp-json\/wp\/v2\/users\/1724"}],"replies":[{"embeddable":true,"href":"https:\/\/gradocau.umh.es\/ca\/wp-json\/wp\/v2\/comments?post=4410"}],"version-history":[{"count":0,"href":"https:\/\/gradocau.umh.es\/ca\/wp-json\/wp\/v2\/posts\/4410\/revisions"}],"wp:attachment":[{"href":"https:\/\/gradocau.umh.es\/ca\/wp-json\/wp\/v2\/media?parent=4410"}],"wp:term":[{"taxonomy":"category","embeddable":true,"href":"https:\/\/gradocau.umh.es\/ca\/wp-json\/wp\/v2\/categories?post=4410"},{"taxonomy":"post_tag","embeddable":true,"href":"https:\/\/gradocau.umh.es\/ca\/wp-json\/wp\/v2\/tags?post=4410"}],"curies":[{"name":"wp","href":"https:\/\/api.w.org\/{rel}","templated":true}]}}