{"id":4353,"date":"2019-10-22T14:19:14","date_gmt":"2019-10-22T14:19:14","guid":{"rendered":"http:\/\/gradocau.umh.es\/?p=4353"},"modified":"2019-10-23T05:43:54","modified_gmt":"2019-10-23T05:43:54","slug":"se-presenta-el-vii-festival-internacional-de-cine-fantastico-de-elche-fantaelx-con-un-homenaje-a-la-pelicula-alien","status":"publish","type":"post","link":"https:\/\/gradocau.umh.es\/ca\/2019\/10\/22\/se-presenta-el-vii-festival-internacional-de-cine-fantastico-de-elche-fantaelx-con-un-homenaje-a-la-pelicula-alien\/","title":{"rendered":"Se presenta el VII Festival Internacional de Cine Fant\u00e1stico de Elche &#8211; FANTAELX con un homenaje a la pel\u00edcula &#8216;ALIEN&#8217;"},"content":{"rendered":"<p><a href=\"http:\/\/gradocau.umh.es\/files\/2019\/10\/Cartel_FantaElx_2019.jpg\" target=\"_blank\"><img loading=\"lazy\" class=\"alignleft  wp-image-4354\" src=\"http:\/\/gradocau.umh.es\/files\/2019\/10\/Cartel_FantaElx_2019-724x1024.jpg\" alt=\"Cartel_FantaElx_2019\" width=\"274\" height=\"387\" srcset=\"https:\/\/gradocau.umh.es\/files\/2019\/10\/Cartel_FantaElx_2019-724x1024.jpg 724w, https:\/\/gradocau.umh.es\/files\/2019\/10\/Cartel_FantaElx_2019-212x300.jpg 212w\" sizes=\"(max-width: 274px) 100vw, 274px\" \/><\/a>El <strong>Festival Internacional de Cine Fant\u00e1stico de Elche &#8211; FANTAELX<\/strong>, que se celebrar\u00e1 <strong>del jueves 14 al s\u00e1bado 16 de noviembre,<\/strong> presenta su s\u00e9ptima edici\u00f3n\u00a0con el cartel realizado por el ilustrador y cineasta Joan Mart\u00edn Gim\u00e9nez. El\u00a0dise\u00f1o se ha basado\u00a0en la m\u00edtica pel\u00edcula <strong>&#8220;Alien: El Octavo Pasajero&#8221; (1979) dirigida por Ridley Scott<\/strong>, que este a\u00f1o cumple los 40 a\u00f1os desde su estreno.<\/p>\n<p>En conmemoraci\u00f3n, la pel\u00edcula\u00a0se podr\u00e1 volver a disfrutar en pantalla grande el <strong>jueves 14 de noviembre en la sala B de los Cines Ode\u00f3n a las 20:30h,<\/strong> siendo de acceso gratuito hasta completar aforo.<\/p>\n<p>El resto de actividades tendr\u00e1n lugar en el <strong>Centro de Congresos &#8220;Ciutat d&#8217;Elx&#8221;<\/strong>. Las ma\u00f1anas del <strong>jueves 14 y viernes 15 de noviembre<\/strong> se celebrar\u00e1 el <strong>Congreso Internacional de G\u00e9nero Fant\u00e1stico, Audiovisuales y Nuevas Tecnolog\u00edas<\/strong>, actividad enmarcada dentro del festival. El objetivo del congreso, que este a\u00f1o celebra su segunda edici\u00f3n, es la difusi\u00f3n de estudios de investigaci\u00f3n dentro de las diferentes l\u00edneas tem\u00e1ticas del G\u00e9nero Fant\u00e1stico, abarcando todas sus posibles variantes y plataformas, y cuya l\u00ednea protagonista de este a\u00f1o ser\u00e1 la ciencia-ficci\u00f3n en el contexto cosmol\u00f3gico. Para ello, se contar\u00e1 con la participaci\u00f3n de conferenciantes de car\u00e1cter internacional y nacional, procedentes de pa\u00edses como B\u00e9lgica o Francia. El congreso est\u00e1 dirigido por Mario-Paul Mart\u00ednez (profesor del Departamento de Arte de la UMH y director del Grupo de Investigaci\u00f3n Massiva) y por Fran Mateu (director del festival), contando con la colaboraci\u00f3n de la UMH\u00a0y de\u00a0su\u00a0Vicerrectorado de Cultura y Extensi\u00f3n Universitaria.<\/p>\n<p>Durante las tardes del <strong>vienes 15 y s\u00e1bado 16 de noviembre<\/strong> llegar\u00e1 el turno de las <strong>proyecciones de cortometrajes<\/strong>, donde se podr\u00e1n ver reconocidos trabajos de ciencia-ficci\u00f3n, terror y fantas\u00eda, varios de ellos proyectados por primera vez en la ciudad. El <strong>s\u00e1bado 16<\/strong>, tras finalizar la segunda sesi\u00f3n, se dar\u00e1 paso a la <strong>Clausura.<\/strong><\/p>\n<p>La s\u00e9ptima edici\u00f3n del festival est\u00e1 organizada por la <strong>Asociaci\u00f3n Unicornio Negro<\/strong>, el <strong>Departamento de Arte de la UMH<\/strong>, y el <strong>Grupo de Investigaci\u00f3n Massiva<\/strong>, y cuenta con el apoyo de la Concejal\u00eda de Cultura del Ayuntamiento de Elche, junto a organismos como Visit Elche, el Centro de Congresos &#8220;Ciutat d&#8217;Elx&#8221;, la Universidad Miguel Hern\u00e1ndez de Elche, el Vicerrectorado de Cultura y Extensi\u00f3n Universitaria, los Cines Ode\u00f3n, el Centro Comercial l&#8217;Aljub, o la tienda de merchandising cinematogr\u00e1fico Cinema Paradiso.<\/p>\n<p><strong>El\u00a0acceso es gratuito a todas sus actividades hasta completar aforo, y sin necesidad de inscripci\u00f3n previa.<\/strong><\/p>\n<p>M\u00e1s informaci\u00f3n en: <a href=\"http:\/\/www.festivalcinefantaelx.com\/programa\/\" target=\"_blank\">http:\/\/www.festivalcinefantaelx.com\/programa\/<\/a><\/p>\n<p>&nbsp;<\/p>\n<p>&nbsp;<\/p>\n","protected":false},"excerpt":{"rendered":"<p>El Festival Internacional de Cine Fant\u00e1stico de Elche &#8211; FANTAELX, que se celebrar\u00e1 del jueves 14 al s\u00e1bado 16 de noviembre, presenta su s\u00e9ptima edici\u00f3n\u00a0con el cartel realizado por el ilustrador y cineasta Joan Mart\u00edn Gim\u00e9nez. El\u00a0dise\u00f1o se ha basado\u00a0en la m\u00edtica pel\u00edcula &#8220;Alien: El Octavo Pasajero&#8221; (1979) dirigida por Ridley Scott, que este a\u00f1o [&hellip;]<\/p>\n","protected":false},"author":1724,"featured_media":0,"comment_status":"closed","ping_status":"open","sticky":false,"template":"","format":"standard","meta":{"_links_to":"","_links_to_target":""},"categories":[211,94,22,212],"tags":[239,238,17,83,198179,72,34],"_links":{"self":[{"href":"https:\/\/gradocau.umh.es\/ca\/wp-json\/wp\/v2\/posts\/4353"}],"collection":[{"href":"https:\/\/gradocau.umh.es\/ca\/wp-json\/wp\/v2\/posts"}],"about":[{"href":"https:\/\/gradocau.umh.es\/ca\/wp-json\/wp\/v2\/types\/post"}],"author":[{"embeddable":true,"href":"https:\/\/gradocau.umh.es\/ca\/wp-json\/wp\/v2\/users\/1724"}],"replies":[{"embeddable":true,"href":"https:\/\/gradocau.umh.es\/ca\/wp-json\/wp\/v2\/comments?post=4353"}],"version-history":[{"count":0,"href":"https:\/\/gradocau.umh.es\/ca\/wp-json\/wp\/v2\/posts\/4353\/revisions"}],"wp:attachment":[{"href":"https:\/\/gradocau.umh.es\/ca\/wp-json\/wp\/v2\/media?parent=4353"}],"wp:term":[{"taxonomy":"category","embeddable":true,"href":"https:\/\/gradocau.umh.es\/ca\/wp-json\/wp\/v2\/categories?post=4353"},{"taxonomy":"post_tag","embeddable":true,"href":"https:\/\/gradocau.umh.es\/ca\/wp-json\/wp\/v2\/tags?post=4353"}],"curies":[{"name":"wp","href":"https:\/\/api.w.org\/{rel}","templated":true}]}}