{"id":4140,"date":"2019-10-08T11:16:09","date_gmt":"2019-10-08T11:16:09","guid":{"rendered":"http:\/\/gradocau.umh.es\/?p=4140"},"modified":"2019-10-08T11:16:09","modified_gmt":"2019-10-08T11:16:09","slug":"encuentro-de-cine-almodovar-vs-amenabar-la-carrera-hacia-los-goya","status":"publish","type":"post","link":"https:\/\/gradocau.umh.es\/ca\/2019\/10\/08\/encuentro-de-cine-almodovar-vs-amenabar-la-carrera-hacia-los-goya\/","title":{"rendered":"Encuentro de cine \u201cALMOD\u00d3VAR vs. AMEN\u00c1BAR. La carrera hacia los Goya\u201d"},"content":{"rendered":"<p>El Vicerrectorado de Cultura UMH organiza el\u00a0<strong><b>Encuentro de cine: \u201cALMOD\u00d3VAR vs. AMEN\u00c1BAR.<\/b><\/strong>\u00a0La carrera hacia los Goya\u201d, coordinado por el profesor y cr\u00edtico de cine <strong>Antonio Sempere<\/strong>, donde se analizar\u00e1\u00a0el duelo cinematogr\u00e1fico del a\u00f1o del cine espa\u00f1ol. Pedro Almod\u00f3var con \u2018Dolor y gloria\u2019, y Alejandro Amen\u00e1bar con \u2018Mientras dure la guerra\u2019, optan a conquistar la mayor\u00eda de los Premios Goya de 2020.<\/p>\n<p>La actividad tendr\u00e1 lugar el<strong> lunes 14 de octubre, de 16 a 18 h, en el aula 2.5 b, edf. La Galia, Campus de Elche.<\/strong><\/p>\n<p>No necesita inscripci\u00f3n previa. Actividad gratuita dirigida a cualquier persona interesada.<\/p>\n<p>.M\u00e1s informaci\u00f3n en\u00a0<a href=\"http:\/\/cultura.umh.es\/es\/cinema\/formacion-cinematografica\/\" target=\"_blank\" rel=\"noreferrer\" data-saferedirecturl=\"https:\/\/www.google.com\/url?q=http:\/\/cultura.umh.es\/es\/cinema\/formacion-cinematografica\/&amp;source=gmail&amp;ust=1570618765835000&amp;usg=AFQjCNHuOlKBHwCOnBhPiI2-uiateSOjoA\">http:\/\/cultura.umh.es\/es\/cinem<wbr \/>a\/formacion-cinematografica\/<\/a><\/p>\n","protected":false},"excerpt":{"rendered":"<p>El Vicerrectorado de Cultura UMH organiza el\u00a0Encuentro de cine: \u201cALMOD\u00d3VAR vs. AMEN\u00c1BAR.\u00a0La carrera hacia los Goya\u201d, coordinado por el profesor y cr\u00edtico de cine Antonio Sempere, donde se analizar\u00e1\u00a0el duelo cinematogr\u00e1fico del a\u00f1o del cine espa\u00f1ol. Pedro Almod\u00f3var con \u2018Dolor y gloria\u2019, y Alejandro Amen\u00e1bar con \u2018Mientras dure la guerra\u2019, optan a conquistar la mayor\u00eda [&hellip;]<\/p>\n","protected":false},"author":1724,"featured_media":0,"comment_status":"closed","ping_status":"open","sticky":false,"template":"","format":"standard","meta":{"_links_to":"","_links_to_target":""},"categories":[211,222,81],"tags":[44],"_links":{"self":[{"href":"https:\/\/gradocau.umh.es\/ca\/wp-json\/wp\/v2\/posts\/4140"}],"collection":[{"href":"https:\/\/gradocau.umh.es\/ca\/wp-json\/wp\/v2\/posts"}],"about":[{"href":"https:\/\/gradocau.umh.es\/ca\/wp-json\/wp\/v2\/types\/post"}],"author":[{"embeddable":true,"href":"https:\/\/gradocau.umh.es\/ca\/wp-json\/wp\/v2\/users\/1724"}],"replies":[{"embeddable":true,"href":"https:\/\/gradocau.umh.es\/ca\/wp-json\/wp\/v2\/comments?post=4140"}],"version-history":[{"count":0,"href":"https:\/\/gradocau.umh.es\/ca\/wp-json\/wp\/v2\/posts\/4140\/revisions"}],"wp:attachment":[{"href":"https:\/\/gradocau.umh.es\/ca\/wp-json\/wp\/v2\/media?parent=4140"}],"wp:term":[{"taxonomy":"category","embeddable":true,"href":"https:\/\/gradocau.umh.es\/ca\/wp-json\/wp\/v2\/categories?post=4140"},{"taxonomy":"post_tag","embeddable":true,"href":"https:\/\/gradocau.umh.es\/ca\/wp-json\/wp\/v2\/tags?post=4140"}],"curies":[{"name":"wp","href":"https:\/\/api.w.org\/{rel}","templated":true}]}}