{"id":4107,"date":"2019-10-04T05:03:48","date_gmt":"2019-10-04T05:03:48","guid":{"rendered":"http:\/\/gradocau.umh.es\/?p=4107"},"modified":"2019-10-04T05:07:47","modified_gmt":"2019-10-04T05:07:47","slug":"imajoven-programa-nuevas-sesiones-del-ciclo-las-mujeres-en-el-imaginario-cinematografico-con-la-colaboracion-del-ivac","status":"publish","type":"post","link":"https:\/\/gradocau.umh.es\/ca\/2019\/10\/04\/imajoven-programa-nuevas-sesiones-del-ciclo-las-mujeres-en-el-imaginario-cinematografico-con-la-colaboracion-del-ivac\/","title":{"rendered":"Imajoven programa nuevas sesiones del ciclo \u201cLas mujeres en el imaginario cinematogr\u00e1fico\u201d con la colaboraci\u00f3n del IVAC"},"content":{"rendered":"<p>A lo largo de los meses de septiembre, octubre y noviembre, <strong>la Asociaci\u00f3n Audiovisual Imajoven ha programado 10 sesiones de su Cineclub Mediterr\u00e1neo Cinecafetazo, centradas en la tem\u00e1tica de las mujeres en el imaginario cinematogr\u00e1fico<\/strong>. El objetivo de este ciclo es analizar la representaci\u00f3n que de las mujeres ha realizado el S\u00e9ptimo Arte en diferentes periodos de su historia. Todas las sesiones contar\u00e1n con el an\u00e1lisis y comentario de uno o varios profesionales relacionados con el audiovisual.<\/p>\n<p>Con el comienzo de octubre, se han\u00a0programado dos\u00a0nuevas citas:<\/p>\n<p><strong>Lunes 7 de octubre<\/strong> a las 18 horas tambi\u00e9n en la Sede Universitaria de la Calle San Fernando, tendr\u00e1 lugar la proyecci\u00f3n de \u201cBuscando al Sr. Goodbar\u201d (1977) con Richard Gere y Diane Keaton. Una pel\u00edcula muy curiosa y desconocida y con gran inter\u00e9s sobre las consecuencias del empoderamiento femenino. El comentario de la misma lo har\u00e1 Lydia Sell\u00e9s, bi\u00f3loga experta en Co-educaci\u00f3n y feminismo.<\/p>\n<p><strong>Martes 8 de octubre<\/strong> tambi\u00e9n a las 18 horas y en la Sede de la UA en la Calle San Fernando, Augusto Gonz\u00e1lez, abogado y cr\u00edtico de cine en el programa \u201cM\u00e1s que cine\u201d de Informaci\u00f3n Televisi\u00f3n, hablar\u00e1 de c\u00f3mo visualizaba Hitchcock a las mujeres proyectando su obra \u201cV\u00e9rtigo\u201d (1958).<\/p>\n<p>Tanto las sesiones del Lunes 7 y Martes 8, la proyecci\u00f3n y el debate del cineforum estar\u00e1 acompa\u00f1ado de una merienda, caf\u00e9, bebidas y pasteler\u00eda variada.<\/p>\n<p><a href=\"https:\/\/www.meetup.com\/es-ES\/amantes-del-cine\/events\/\" target=\"_blank\">M\u00e1s informaci\u00f3n sobre Imajoven<\/a><\/p>\n","protected":false},"excerpt":{"rendered":"<p>A lo largo de los meses de septiembre, octubre y noviembre, la Asociaci\u00f3n Audiovisual Imajoven ha programado 10 sesiones de su Cineclub Mediterr\u00e1neo Cinecafetazo, centradas en la tem\u00e1tica de las mujeres en el imaginario cinematogr\u00e1fico. El objetivo de este ciclo es analizar la representaci\u00f3n que de las mujeres ha realizado el S\u00e9ptimo Arte en diferentes [&hellip;]<\/p>\n","protected":false},"author":1724,"featured_media":0,"comment_status":"closed","ping_status":"open","sticky":false,"template":"","format":"standard","meta":{"_links_to":"","_links_to_target":""},"categories":[222,89],"tags":[90,100,223],"_links":{"self":[{"href":"https:\/\/gradocau.umh.es\/ca\/wp-json\/wp\/v2\/posts\/4107"}],"collection":[{"href":"https:\/\/gradocau.umh.es\/ca\/wp-json\/wp\/v2\/posts"}],"about":[{"href":"https:\/\/gradocau.umh.es\/ca\/wp-json\/wp\/v2\/types\/post"}],"author":[{"embeddable":true,"href":"https:\/\/gradocau.umh.es\/ca\/wp-json\/wp\/v2\/users\/1724"}],"replies":[{"embeddable":true,"href":"https:\/\/gradocau.umh.es\/ca\/wp-json\/wp\/v2\/comments?post=4107"}],"version-history":[{"count":0,"href":"https:\/\/gradocau.umh.es\/ca\/wp-json\/wp\/v2\/posts\/4107\/revisions"}],"wp:attachment":[{"href":"https:\/\/gradocau.umh.es\/ca\/wp-json\/wp\/v2\/media?parent=4107"}],"wp:term":[{"taxonomy":"category","embeddable":true,"href":"https:\/\/gradocau.umh.es\/ca\/wp-json\/wp\/v2\/categories?post=4107"},{"taxonomy":"post_tag","embeddable":true,"href":"https:\/\/gradocau.umh.es\/ca\/wp-json\/wp\/v2\/tags?post=4107"}],"curies":[{"name":"wp","href":"https:\/\/api.w.org\/{rel}","templated":true}]}}