{"id":4099,"date":"2019-10-03T07:39:30","date_gmt":"2019-10-03T07:39:30","guid":{"rendered":"http:\/\/gradocau.umh.es\/?p=4099"},"modified":"2019-10-03T07:39:39","modified_gmt":"2019-10-03T07:39:39","slug":"premis-llanterna-digital-2020-para-curtmetratges-en-llengua-catalana","status":"publish","type":"post","link":"https:\/\/gradocau.umh.es\/ca\/2019\/10\/03\/premis-llanterna-digital-2020-para-curtmetratges-en-llengua-catalana\/","title":{"rendered":"Premis Llanterna Digital 2020 para curtmetratges en llengua catalana"},"content":{"rendered":"<p>Avui, 1 d&#8217;octubre, s&#8217;ha obert el termini per a la presentaci\u00f3 de <strong>curtmetratges en\u00a0llengua catalana per a l&#8217;edici\u00f3 2020 dels Premis Llanterna Digital.\u00a0<\/strong><\/p>\n<p>Aquests premis estan organitzats per la Direcci\u00f3 General de Pol\u00edtica Ling\u00fc\u00edstica de la Generalitat de Catalunya amb la col\u00b7laboraci\u00f3 de la Coordinadora de Serveis Ling\u00fc\u00edstics de Lleida, en qu\u00e8 participa l&#8217;Institut de Lleng\u00fces. Com a novetat destacada en aquesta edici\u00f3, s\u2019incorpora la llengua de signes catalana.<\/p>\n<p>Enguany els premis aprofiten el centenari del naixement de Teresa P\u00e0mies, testimoni de l\u2019exili a ciutats com M\u00e8xic, Par\u00eds i Praga, per convidar a fer una reflexi\u00f3 sobre les lleng\u00fces en el pa\u00eds d\u2019acollida.<\/p>\n<p>El termini de presentaci\u00f3 d&#8217;obres: <strong><span style=\"text-decoration: underline;\">de l&#8217;1 d&#8217;octubre al <\/span><span style=\"text-decoration: underline;\"><span lang=\"CA\">30 d\u2019abril del 2020<\/span><\/span>.<\/strong><\/p>\n<p>Podeu trobar tota la informaci\u00f3 en el web dels Premis:<\/p>\n<p><a href=\"http:\/\/llengua.gencat.cat\/llanterna-digital\" target=\"_blank\" data-saferedirecturl=\"https:\/\/www.google.com\/url?q=http:\/\/llengua.gencat.cat\/llanterna-digital&amp;source=gmail&amp;ust=1570170749066000&amp;usg=AFQjCNF31QrL5QxmQlSCut8KtReZswq19g\">http:\/\/llengua.gencat.cat\/<wbr \/>llanterna-digital<\/a><\/p>\n<p><a href=\"http:\/\/llengua.gencat.cat\/llanterna-digital-oc\" target=\"_blank\" data-saferedirecturl=\"https:\/\/www.google.com\/url?q=http:\/\/llengua.gencat.cat\/llanterna-digital-oc&amp;source=gmail&amp;ust=1570170749066000&amp;usg=AFQjCNErXUb70GPrOqkP5KiwzqdB4763Fg\">http:\/\/llengua.gencat.cat\/<wbr \/>llanterna-digital-oc<\/a><\/p>\n<p>&nbsp;<\/p>\n","protected":false},"excerpt":{"rendered":"<p>Avui, 1 d&#8217;octubre, s&#8217;ha obert el termini per a la presentaci\u00f3 de curtmetratges en\u00a0llengua catalana per a l&#8217;edici\u00f3 2020 dels Premis Llanterna Digital.\u00a0 Aquests premis estan organitzats per la Direcci\u00f3 General de Pol\u00edtica Ling\u00fc\u00edstica de la Generalitat de Catalunya amb la col\u00b7laboraci\u00f3 de la Coordinadora de Serveis Ling\u00fc\u00edstics de Lleida, en qu\u00e8 participa l&#8217;Institut de [&hellip;]<\/p>\n","protected":false},"author":1724,"featured_media":0,"comment_status":"closed","ping_status":"open","sticky":false,"template":"","format":"standard","meta":{"_links_to":"","_links_to_target":""},"categories":[2,211,24,185],"tags":[17,221],"_links":{"self":[{"href":"https:\/\/gradocau.umh.es\/ca\/wp-json\/wp\/v2\/posts\/4099"}],"collection":[{"href":"https:\/\/gradocau.umh.es\/ca\/wp-json\/wp\/v2\/posts"}],"about":[{"href":"https:\/\/gradocau.umh.es\/ca\/wp-json\/wp\/v2\/types\/post"}],"author":[{"embeddable":true,"href":"https:\/\/gradocau.umh.es\/ca\/wp-json\/wp\/v2\/users\/1724"}],"replies":[{"embeddable":true,"href":"https:\/\/gradocau.umh.es\/ca\/wp-json\/wp\/v2\/comments?post=4099"}],"version-history":[{"count":0,"href":"https:\/\/gradocau.umh.es\/ca\/wp-json\/wp\/v2\/posts\/4099\/revisions"}],"wp:attachment":[{"href":"https:\/\/gradocau.umh.es\/ca\/wp-json\/wp\/v2\/media?parent=4099"}],"wp:term":[{"taxonomy":"category","embeddable":true,"href":"https:\/\/gradocau.umh.es\/ca\/wp-json\/wp\/v2\/categories?post=4099"},{"taxonomy":"post_tag","embeddable":true,"href":"https:\/\/gradocau.umh.es\/ca\/wp-json\/wp\/v2\/tags?post=4099"}],"curies":[{"name":"wp","href":"https:\/\/api.w.org\/{rel}","templated":true}]}}