{"id":4086,"date":"2019-10-02T06:25:20","date_gmt":"2019-10-02T06:25:20","guid":{"rendered":"http:\/\/gradocau.umh.es\/?p=4086"},"modified":"2019-10-11T09:25:06","modified_gmt":"2019-10-11T09:25:06","slug":"4086","status":"publish","type":"post","link":"https:\/\/gradocau.umh.es\/ca\/2019\/10\/02\/4086\/","title":{"rendered":"El cortometraje &#8220;Manuel&#8221;, seleccionado en festivales de cine alrededor del mundo"},"content":{"rendered":"<p><strong>El cortometraje <\/strong><em><strong>Manuel<\/strong>,<\/em> ganador de la tercera edici\u00f3n del Seminario 5 y Acci\u00f3n 2018-2019 <strong>ha sido seleccionado en m\u00e1s de una decena de festivales nacionales e internacionales<\/strong>. Adem\u00e1s, de la nominaci\u00f3n de Bruno \u00c1lvarez G\u00f3mez a mejor banda sonora en el festival K-Lidoscopi.<\/p>\n<p>El Seminario 5 y Acci\u00f3n, tiene como objetivo la realizaci\u00f3n de las primeras producciones de cortometrajes de ficci\u00f3n por parte de los alumnos de primer curso del Grado en Comunicaci\u00f3n Audiovisual (CAU) y el Doble Grado en Comunicaci\u00f3n Audiovisual y Periodismo (CAUP), y est\u00e1 organizado por ambas titulaciones de la Universidad Miguel Hern\u00e1ndez (UMH) de Elche. Nuestra enhorabuena desde el equipo docente del Grado en Comunicaci\u00f3n Audiovisual de la Universidad Miguel Hern\u00e1ndez.<\/p>\n<p><strong>Los componentes del equipo del cortometraje son:<\/strong><br \/>\nDIRECCI\u00d3N: Javier Robles \u00c1lvarez,<br \/>\nDIRECCI\u00d3N DE FOTOGRAF\u00cdA: Laura Villamisar Aguilar<br \/>\nPRODUCCI\u00d3N: Laura Villamisar Aguilar, Miriam Torres Aldeguer<br \/>\nSONIDO: Alba Cutillas Azor\u00edn, Marina P\u00e9rez S\u00e1nchez<br \/>\nCASTING: Mariano Maci\u00e1 Eugenio<br \/>\nMONTAJE: Javier Robles \u00c1lvarez<br \/>\nSCRIPT: Miriam Torres Aldeguer<br \/>\nBANDA SONORA: Bruno \u00c1lvarez G\u00f3mez<br \/>\nGUION: Javier Robles \u00c1lvarez, Laura Villamisar Aguilar, Mariano Maci\u00e1 Eugenio, Marina P\u00e9rez S\u00e1nchez, Alba Cutillas Azor\u00edn, Miriam Torres Aldeguer.<\/p>\n<p><strong>LISTADO SELECCI\u00d3N EN FESTIVALES INTERNACIONALES<\/strong><\/p>\n<div>&#8211; Festival de Cortometrajes Cine de la Culata<\/div>\n<div>&#8211; Cinema 4L<\/div>\n<div>&#8211; FICIE (Secci\u00f3n Mostra&#8217;t)<\/div>\n<div>&#8211; Festival Infantil y Juvenil Chulpicine<\/div>\n<div>&#8211; Shanghai Shorts<\/div>\n<div>&#8211; Yve International Youth Festival<\/div>\n<div>&#8211; First-time Filmmaker Sessions<\/div>\n<div>&#8211; Lisbon Film Rendez-vous (finalista)<\/div>\n<div>&#8211; Reel Recovery Film Festival<\/div>\n<div>&#8211; FICMA Salamanca<\/div>\n<div>&#8211; Festival Internacional de Cine Evaristo M\u00e1rquez<\/div>\n<div>&#8211; Emerge Microcinema<\/div>\n<div>&#8211; Aurora International Film Festival Moscow<\/div>\n<div>&#8211; Aurora International Film Festival Berlin (nominaci\u00f3n a &#8220;Extremely Young Filmmaker Award&#8221;)<\/div>\n<div>&#8211; Festival Internacional de Cine Infantil y Juvenil, Calib\u00e9lula<\/div>\n<div>&#8211; Aasha International Film Festival<\/div>\n<div>&#8211; G\u00fcd Bro Prod. Presents: Film Festival (youth focused)<\/div>\n<div>&#8211; Gainesville Latino Film Festival<\/div>\n<div>&#8211; To The Wild &#8211; Independent Film Festival<\/div>\n<div>&#8211; K-Lidoscopi (nominado a \u00a0Mejor Banda Sonora Original), que se celebra el 20 de octubre.<\/div>\n<div>&#8211; Festival de Cinema de Alter do Ch\u00e3o<\/div>\n<div>&#8211; Montgomery Film Festival<\/div>\n<div>&#8211; International Moving Film Festival<\/div>\n<p>&nbsp;<\/p>\n<p><a href=\"http:\/\/gradocau.umh.es\/files\/2019\/10\/manuel.png\" target=\"_blank\"><img loading=\"lazy\" class=\"alignleft  wp-image-4235\" src=\"http:\/\/gradocau.umh.es\/files\/2019\/10\/manuel-300x169.png\" alt=\"manuel\" width=\"412\" height=\"232\" srcset=\"https:\/\/gradocau.umh.es\/files\/2019\/10\/manuel-300x169.png 300w, https:\/\/gradocau.umh.es\/files\/2019\/10\/manuel-1024x576.png 1024w, https:\/\/gradocau.umh.es\/files\/2019\/10\/manuel.png 1920w\" sizes=\"(max-width: 412px) 100vw, 412px\" \/><\/a><\/p>\n<p>&nbsp;<\/p>\n<p>&nbsp;<\/p>\n<p>&nbsp;<\/p>\n<p>&nbsp;<\/p>\n<p>&nbsp;<\/p>\n<p>&nbsp;<\/p>\n<p>&nbsp;<\/p>\n<p>&nbsp;<\/p>\n","protected":false},"excerpt":{"rendered":"<p>El cortometraje Manuel, ganador de la tercera edici\u00f3n del Seminario 5 y Acci\u00f3n 2018-2019 ha sido seleccionado en m\u00e1s de una decena de festivales nacionales e internacionales. Adem\u00e1s, de la nominaci\u00f3n de Bruno \u00c1lvarez G\u00f3mez a mejor banda sonora en el festival K-Lidoscopi. El Seminario 5 y Acci\u00f3n, tiene como objetivo la realizaci\u00f3n de las [&hellip;]<\/p>\n","protected":false},"author":1724,"featured_media":0,"comment_status":"closed","ping_status":"open","sticky":false,"template":"","format":"standard","meta":{"_links_to":"","_links_to_target":""},"categories":[112,211,22,185,102],"tags":[140,17,198179],"_links":{"self":[{"href":"https:\/\/gradocau.umh.es\/ca\/wp-json\/wp\/v2\/posts\/4086"}],"collection":[{"href":"https:\/\/gradocau.umh.es\/ca\/wp-json\/wp\/v2\/posts"}],"about":[{"href":"https:\/\/gradocau.umh.es\/ca\/wp-json\/wp\/v2\/types\/post"}],"author":[{"embeddable":true,"href":"https:\/\/gradocau.umh.es\/ca\/wp-json\/wp\/v2\/users\/1724"}],"replies":[{"embeddable":true,"href":"https:\/\/gradocau.umh.es\/ca\/wp-json\/wp\/v2\/comments?post=4086"}],"version-history":[{"count":0,"href":"https:\/\/gradocau.umh.es\/ca\/wp-json\/wp\/v2\/posts\/4086\/revisions"}],"wp:attachment":[{"href":"https:\/\/gradocau.umh.es\/ca\/wp-json\/wp\/v2\/media?parent=4086"}],"wp:term":[{"taxonomy":"category","embeddable":true,"href":"https:\/\/gradocau.umh.es\/ca\/wp-json\/wp\/v2\/categories?post=4086"},{"taxonomy":"post_tag","embeddable":true,"href":"https:\/\/gradocau.umh.es\/ca\/wp-json\/wp\/v2\/tags?post=4086"}],"curies":[{"name":"wp","href":"https:\/\/api.w.org\/{rel}","templated":true}]}}