{"id":3923,"date":"2019-05-28T08:15:58","date_gmt":"2019-05-28T08:15:58","guid":{"rendered":"http:\/\/gradocau.umh.es\/?p=3923"},"modified":"2019-05-28T08:15:58","modified_gmt":"2019-05-28T08:15:58","slug":"visionado-del-corto-transversal-de-segundo-de-cau-el-jueves-30-a-las-16-horas","status":"publish","type":"post","link":"https:\/\/gradocau.umh.es\/ca\/2019\/05\/28\/visionado-del-corto-transversal-de-segundo-de-cau-el-jueves-30-a-las-16-horas\/","title":{"rendered":"Visionado del corto transversal de segundo de CAU el jueves 30 a las 16 horas"},"content":{"rendered":"<p>El jueves 30 tendr\u00e1 lugar a las 16 horas en el sal\u00f3n de actos del edificio Arenals el visionado de los trabajados de ficci\u00f3n y documental de los estudiantes de segundo curso de CAU. Se trata de una experiencia transversal en la que participan varias asignaturas de segundo curso de cara a potenciar y optimizar el esfuerzo de los estudiantes en pr\u00e1cticas profesionales conjuntas. La sesi\u00f3n est\u00e1 abierta hasta completar aforo y con prioridad para los estudiantes participantes.<\/p>\n","protected":false},"excerpt":{"rendered":"<p>El jueves 30 tendr\u00e1 lugar a las 16 horas en el sal\u00f3n de actos del edificio Arenals el visionado de los trabajados de ficci\u00f3n y documental de los estudiantes de segundo curso de CAU. Se trata de una experiencia transversal en la que participan varias asignaturas de segundo curso de cara a potenciar y optimizar [&hellip;]<\/p>\n","protected":false},"author":1406,"featured_media":0,"comment_status":"closed","ping_status":"open","sticky":false,"template":"","format":"standard","meta":{"_links_to":"","_links_to_target":""},"categories":[112,2,68,89],"tags":[],"_links":{"self":[{"href":"https:\/\/gradocau.umh.es\/ca\/wp-json\/wp\/v2\/posts\/3923"}],"collection":[{"href":"https:\/\/gradocau.umh.es\/ca\/wp-json\/wp\/v2\/posts"}],"about":[{"href":"https:\/\/gradocau.umh.es\/ca\/wp-json\/wp\/v2\/types\/post"}],"author":[{"embeddable":true,"href":"https:\/\/gradocau.umh.es\/ca\/wp-json\/wp\/v2\/users\/1406"}],"replies":[{"embeddable":true,"href":"https:\/\/gradocau.umh.es\/ca\/wp-json\/wp\/v2\/comments?post=3923"}],"version-history":[{"count":0,"href":"https:\/\/gradocau.umh.es\/ca\/wp-json\/wp\/v2\/posts\/3923\/revisions"}],"wp:attachment":[{"href":"https:\/\/gradocau.umh.es\/ca\/wp-json\/wp\/v2\/media?parent=3923"}],"wp:term":[{"taxonomy":"category","embeddable":true,"href":"https:\/\/gradocau.umh.es\/ca\/wp-json\/wp\/v2\/categories?post=3923"},{"taxonomy":"post_tag","embeddable":true,"href":"https:\/\/gradocau.umh.es\/ca\/wp-json\/wp\/v2\/tags?post=3923"}],"curies":[{"name":"wp","href":"https:\/\/api.w.org\/{rel}","templated":true}]}}