{"id":390,"date":"2014-11-05T14:11:18","date_gmt":"2014-11-05T14:11:18","guid":{"rendered":"http:\/\/gradocau.umh.es\/?p=390"},"modified":"2016-03-06T10:04:11","modified_gmt":"2016-03-06T10:04:11","slug":"te-crees-capaz-de-contar-una-historia-de-genero-negro-en-60-segundos","status":"publish","type":"post","link":"https:\/\/gradocau.umh.es\/ca\/2014\/11\/05\/te-crees-capaz-de-contar-una-historia-de-genero-negro-en-60-segundos\/","title":{"rendered":"\u00bfTe crees capaz de contar una historia de g\u00e9nero negro en 60 segundos ?"},"content":{"rendered":"<p>Si crees que eres capaz de contar una historia as\u00ed, crea tu gui\u00f3n, monta un equipo de rodaje entre los estudiantes de Comunicaci\u00f3n Audiovisual y, con la ayuda de la Facultad, graba tu corto.<\/p>\n<p>El producto final deber\u00e1 presentarse al <a href=\"http:\/\/www.valencianegra.com\/vlc-negra-2014-%C2%B7-2a-edicion\/\" target=\"_blank\">Festival Valencia Negra<\/a> en el mes de abril de 2015.<\/p>\n<p><a href=\"http:\/\/www.valencianegra.com\/concursos\/portfolio-6-columns\/\" target=\"_blank\">#60EnNegro<\/a>\u00a0es una convocatoria que premia cortos con dos requisitos fundamentales: que sean de tem\u00e1tica relacionada con el g\u00e9nero negro y que duren 60 segundos.<\/p>\n<p><strong>El premio consiste en un viaje y estancia de fin de semana para dos personas en el Festival de San Sebasti\u00e1n<\/strong>. Los ganadores y su equipo de filmaci\u00f3n tambi\u00e9n disfrutar\u00e1n, tras la gala de entrega de premios, de una cena con el director de cine que invitemos al festival. En la \u00faltima edici\u00f3n fue\u00a0<a href=\"http:\/\/www.valenciaplaza.com\/ver\/131194\/enrique-urbizu--el-padrino-del-cine-negro-espa%C3%B1ol.html\" target=\"_blank\">Enrique Urbizu<\/a>.<\/p>\n<p>Las ganadoras de la primera edici\u00f3n son alumnas de los primeros cursos de Comunicaci\u00f3n Audiovisual de la Universidad Cardenal Herrera CEU de Valencia. Su corto se llama\u00a0<a href=\"http:\/\/vimeo.com\/91808097\" target=\"_blank\"><i>Mu\u00f1eca brava<\/i><\/a>.<\/p>\n<p>Si est\u00e1s interesado, manda un email a j.aparicio@umh.es<\/p>\n<p>&nbsp;<\/p>\n<p><a href=\"http:\/\/gradocau.umh.es\/files\/2014\/11\/Flyer-II-edici\u00f3n-60EnNegro.jpg\"><img loading=\"lazy\" class=\"size-large wp-image-391 aligncenter\" src=\"http:\/\/gradocau.umh.es\/files\/2014\/11\/Flyer-II-edici\u00f3n-60EnNegro-1024x531.jpg\" alt=\"Flyer II edici\u00f3n 60EnNegro\" width=\"1024\" height=\"531\" srcset=\"https:\/\/gradocau.umh.es\/files\/2014\/11\/Flyer-II-edici\u00f3n-60EnNegro-1024x531.jpg 1024w, https:\/\/gradocau.umh.es\/files\/2014\/11\/Flyer-II-edici\u00f3n-60EnNegro-300x155.jpg 300w\" sizes=\"(max-width: 1024px) 100vw, 1024px\" \/><\/a><\/p>\n","protected":false},"excerpt":{"rendered":"<p>Si crees que eres capaz de contar una historia as\u00ed, crea tu gui\u00f3n, monta un equipo de rodaje entre los estudiantes de Comunicaci\u00f3n Audiovisual y, con la ayuda de la Facultad, graba tu corto. El producto final deber\u00e1 presentarse al Festival Valencia Negra en el mes de abril de 2015. #60EnNegro\u00a0es una convocatoria que premia [&hellip;]<\/p>\n","protected":false},"author":300,"featured_media":0,"comment_status":"closed","ping_status":"open","sticky":false,"template":"","format":"standard","meta":{"_links_to":"","_links_to_target":""},"categories":[2,24],"tags":[100],"_links":{"self":[{"href":"https:\/\/gradocau.umh.es\/ca\/wp-json\/wp\/v2\/posts\/390"}],"collection":[{"href":"https:\/\/gradocau.umh.es\/ca\/wp-json\/wp\/v2\/posts"}],"about":[{"href":"https:\/\/gradocau.umh.es\/ca\/wp-json\/wp\/v2\/types\/post"}],"author":[{"embeddable":true,"href":"https:\/\/gradocau.umh.es\/ca\/wp-json\/wp\/v2\/users\/300"}],"replies":[{"embeddable":true,"href":"https:\/\/gradocau.umh.es\/ca\/wp-json\/wp\/v2\/comments?post=390"}],"version-history":[{"count":0,"href":"https:\/\/gradocau.umh.es\/ca\/wp-json\/wp\/v2\/posts\/390\/revisions"}],"wp:attachment":[{"href":"https:\/\/gradocau.umh.es\/ca\/wp-json\/wp\/v2\/media?parent=390"}],"wp:term":[{"taxonomy":"category","embeddable":true,"href":"https:\/\/gradocau.umh.es\/ca\/wp-json\/wp\/v2\/categories?post=390"},{"taxonomy":"post_tag","embeddable":true,"href":"https:\/\/gradocau.umh.es\/ca\/wp-json\/wp\/v2\/tags?post=390"}],"curies":[{"name":"wp","href":"https:\/\/api.w.org\/{rel}","templated":true}]}}