{"id":3870,"date":"2019-04-15T07:45:37","date_gmt":"2019-04-15T07:45:37","guid":{"rendered":"http:\/\/gradocau.umh.es\/?p=3870"},"modified":"2019-04-15T07:45:37","modified_gmt":"2019-04-15T07:45:37","slug":"quieres-participar-en-una-exposicion-colectiva-de-fotografia-retrato-organizado-por-afae","status":"publish","type":"post","link":"https:\/\/gradocau.umh.es\/ca\/2019\/04\/15\/quieres-participar-en-una-exposicion-colectiva-de-fotografia-retrato-organizado-por-afae\/","title":{"rendered":"\u00bfQuieres participar en una exposici\u00f3n colectiva de fotograf\u00eda retrato organizado por AFAE?"},"content":{"rendered":"<p><strong>EXPOSICI\u00d3N COLECTIVA DE FOTOGRAFIA- RETRATO INTERGENERACIONAL. <strong>\u00abMi reflejo eres t\u00fa. Compartiendo historias de vida\u00bb<\/strong><\/strong><\/p>\n<p align=\"left\"><strong>\u00bfQuieres participar en una exposici\u00f3n colectiva de fotograf\u00eda retrato?<\/strong><\/p>\n<p align=\"left\"><a href=\"http:\/\/www.afaelx.com\/\" target=\"_blank\">AFAE<\/a>\u00a0 abre convocatoria para todas aquellas personas con alg\u00fan conocimiento de fotograf\u00eda a participar en la exposici\u00f3n de fotograf\u00eda<strong> \u00ab Mi reflejo eres t\u00fa. Compartiendo historias de vida\u00bb.<\/strong> Las fotograf\u00edas retrarto se realizar\u00e1n durante el proyecto con el mismo nombre y que forma parte del <strong>Programa Intergeneracional \u00abUn regalo para recordar\u00bb. <\/strong>En esta ocasi\u00f3n el proyecto se realizar\u00e1 junto con el grupo del alumnado del Programa de Aula Compartida del Instituto Joanot Martorell de Elche.<\/p>\n<p align=\"left\"><strong>Recepci\u00f3n de propuestas para participar: <\/strong><\/p>\n<p align=\"left\">Envia 3 fotograf\u00edas realizadas por t\u00ed, para conocer un poco m\u00e1s tu estilo. Si puede ser fotograf\u00eda-retrato mejor, en formato JPEG hasta el 26 de abril indicando tu nombre y tel\u00e9fono a <a href=\"a.perez@afaelx.com\" target=\"_blank\">a.perez@afaelx.com<\/a>.<\/p>\n<p align=\"left\">De todas las propuestas recibidas,\u00a0har\u00e1n una selecci\u00f3n de 3 personas que ser\u00e1n las que realicen las fotograf\u00edas de nuestra exposici\u00f3n.<\/p>\n<p align=\"left\">D\u00eda de la sesi\u00f3n de fotograf\u00eda: <strong>17 de mayo<\/strong> por la <strong>ma\u00f1ana<\/strong> en la sede de AFAE (Asociaci\u00f3n de familiares de personas con Alzheimer de Elche)<\/p>\n<p align=\"left\">Para m\u00e1s informaci\u00f3n llamar al 965436841-618931340<\/p>\n","protected":false},"excerpt":{"rendered":"<p>EXPOSICI\u00d3N COLECTIVA DE FOTOGRAFIA- RETRATO INTERGENERACIONAL. \u00abMi reflejo eres t\u00fa. Compartiendo historias de vida\u00bb \u00bfQuieres participar en una exposici\u00f3n colectiva de fotograf\u00eda retrato? AFAE\u00a0 abre convocatoria para todas aquellas personas con alg\u00fan conocimiento de fotograf\u00eda a participar en la exposici\u00f3n de fotograf\u00eda \u00ab Mi reflejo eres t\u00fa. Compartiendo historias de vida\u00bb. Las fotograf\u00edas retrarto se [&hellip;]<\/p>\n","protected":false},"author":1406,"featured_media":0,"comment_status":"closed","ping_status":"open","sticky":false,"template":"","format":"standard","meta":{"_links_to":"","_links_to_target":""},"categories":[2,24],"tags":[],"_links":{"self":[{"href":"https:\/\/gradocau.umh.es\/ca\/wp-json\/wp\/v2\/posts\/3870"}],"collection":[{"href":"https:\/\/gradocau.umh.es\/ca\/wp-json\/wp\/v2\/posts"}],"about":[{"href":"https:\/\/gradocau.umh.es\/ca\/wp-json\/wp\/v2\/types\/post"}],"author":[{"embeddable":true,"href":"https:\/\/gradocau.umh.es\/ca\/wp-json\/wp\/v2\/users\/1406"}],"replies":[{"embeddable":true,"href":"https:\/\/gradocau.umh.es\/ca\/wp-json\/wp\/v2\/comments?post=3870"}],"version-history":[{"count":0,"href":"https:\/\/gradocau.umh.es\/ca\/wp-json\/wp\/v2\/posts\/3870\/revisions"}],"wp:attachment":[{"href":"https:\/\/gradocau.umh.es\/ca\/wp-json\/wp\/v2\/media?parent=3870"}],"wp:term":[{"taxonomy":"category","embeddable":true,"href":"https:\/\/gradocau.umh.es\/ca\/wp-json\/wp\/v2\/categories?post=3870"},{"taxonomy":"post_tag","embeddable":true,"href":"https:\/\/gradocau.umh.es\/ca\/wp-json\/wp\/v2\/tags?post=3870"}],"curies":[{"name":"wp","href":"https:\/\/api.w.org\/{rel}","templated":true}]}}