{"id":3864,"date":"2019-04-12T08:16:24","date_gmt":"2019-04-12T08:16:24","guid":{"rendered":"http:\/\/gradocau.umh.es\/?p=3864"},"modified":"2019-04-12T08:16:24","modified_gmt":"2019-04-12T08:16:24","slug":"tercera-jornada-comunic_a-2019-de-encuentros-entre-empresas-de-publicidad-y-alumnos-del-grado-en-comunicacion-audiovisual","status":"publish","type":"post","link":"https:\/\/gradocau.umh.es\/ca\/2019\/04\/12\/tercera-jornada-comunic_a-2019-de-encuentros-entre-empresas-de-publicidad-y-alumnos-del-grado-en-comunicacion-audiovisual\/","title":{"rendered":"Tercera Jornada COMUNIC_A (2019) de encuentros entre empresas de publicidad y alumnos del Grado en Comunicaci\u00f3n Audiovisual"},"content":{"rendered":"<p><a href=\"http:\/\/gradocau.umh.es\/files\/2019\/04\/AF-CARTEL-JORNADAS-COMUNICA-2019-1.jpg\"><img loading=\"lazy\" class=\"  wp-image-3865 alignright\" src=\"http:\/\/gradocau.umh.es\/files\/2019\/04\/AF-CARTEL-JORNADAS-COMUNICA-2019-1-724x1024.jpg\" alt=\"AF CARTEL JORNADAS COMUNICA 2019 (1)\" width=\"247\" height=\"349\" srcset=\"https:\/\/gradocau.umh.es\/files\/2019\/04\/AF-CARTEL-JORNADAS-COMUNICA-2019-1-724x1024.jpg 724w, https:\/\/gradocau.umh.es\/files\/2019\/04\/AF-CARTEL-JORNADAS-COMUNICA-2019-1-212x300.jpg 212w\" sizes=\"(max-width: 247px) 100vw, 247px\" \/><\/a><\/p>\n<p>El pr\u00f3ximo d\u00eda 17 de abril a las 17:00h, en el Edificio Atzavares del Campus de Elche, se celebrar\u00e1 la 3\u00aa Jornada COMUNIC_A. Actividad enmarcada en la Plataforma del mismo nombre, que organiza el Departamento de Arte y el Grupo de Investigaci\u00f3n Massiva y la Asociaci\u00f3n de Empresas de Publicidad de la Provincia de Alicante, 361\u00ba, con la colaboraci\u00f3n del Vicerrectorado de Cultura y del Grado en Comunicaci\u00f3n Audiovisual.<\/p>\n<p>Participar\u00e1n en el acto como ponentes, Antonio Mart\u00ednez Polo (director de arte y dise\u00f1ador) y Fran Estevan Luna (responsable de marketing y estrategia) de la agencia Ugedafita, y \u00c1ngel Gonz\u00e1lez (director creativo ejecutivo) de la agencia Grupoidex.<\/p>\n<p>El prop\u00f3sito de la Plataforma COMUNIC_A es poner en contacto el mundo profesional de la publicidad audiovisual con el entorno acad\u00e9mico y los alumnos del Grado en Comunicaci\u00f3n Audiovisual y el Grado en Bellas Artes, a trav\u00e9s de la promoci\u00f3n y desarrollo de pr\u00e1cticas acad\u00e9micas en las empresas asociadas a 361\u00ba y tambi\u00e9n mediante estas Jornadas. As\u00ed se pretende, por un lado, proporcionar una experiencia profesional a los alumnos y, por otro, crear sinergias y contactos que en el futuro pueden repercutir en colaboraciones profesionales una vez acabados los estudios.<\/p>\n<p>Este acto es el colof\u00f3n al trabajo de varios grupos de alumnos que han realizado pr\u00e1cticas en empresas de publicidad durante los \u00faltimos meses, dentro del Programa de Pr\u00e1cticas COMUNIC_A y cuyo resultado, en forma de piezas publicitarias, ser\u00e1 presentado al final de la propia Jornada.<\/p>\n<p>El desarrollo e implementaci\u00f3n de la Plataforma COMUNIC_A ha sido dirigido y coordinado por los profesores Mario-Paul Mart\u00ednez Fabre y Vicente Javier P\u00e9rez Valero, con el apoyo del equipo docente e investigador del \u00c1rea de Est\u00e9tica y Teor\u00eda de las Artes y el Grupo de investigaci\u00f3n Massiva, as\u00ed como con el apoyo de los profesores del \u00c1rea de Comunicaci\u00f3n Audiovisual, Bego\u00f1a Ivars y Paco Mart\u00ednez.<\/p>\n","protected":false},"excerpt":{"rendered":"<p>El pr\u00f3ximo d\u00eda 17 de abril a las 17:00h, en el Edificio Atzavares del Campus de Elche, se celebrar\u00e1 la 3\u00aa Jornada COMUNIC_A. Actividad enmarcada en la Plataforma del mismo nombre, que organiza el Departamento de Arte y el Grupo de Investigaci\u00f3n Massiva y la Asociaci\u00f3n de Empresas de Publicidad de la Provincia de Alicante, [&hellip;]<\/p>\n","protected":false},"author":1406,"featured_media":0,"comment_status":"closed","ping_status":"open","sticky":false,"template":"","format":"standard","meta":{"_links_to":"","_links_to_target":""},"categories":[112,2,207,146],"tags":[],"_links":{"self":[{"href":"https:\/\/gradocau.umh.es\/ca\/wp-json\/wp\/v2\/posts\/3864"}],"collection":[{"href":"https:\/\/gradocau.umh.es\/ca\/wp-json\/wp\/v2\/posts"}],"about":[{"href":"https:\/\/gradocau.umh.es\/ca\/wp-json\/wp\/v2\/types\/post"}],"author":[{"embeddable":true,"href":"https:\/\/gradocau.umh.es\/ca\/wp-json\/wp\/v2\/users\/1406"}],"replies":[{"embeddable":true,"href":"https:\/\/gradocau.umh.es\/ca\/wp-json\/wp\/v2\/comments?post=3864"}],"version-history":[{"count":0,"href":"https:\/\/gradocau.umh.es\/ca\/wp-json\/wp\/v2\/posts\/3864\/revisions"}],"wp:attachment":[{"href":"https:\/\/gradocau.umh.es\/ca\/wp-json\/wp\/v2\/media?parent=3864"}],"wp:term":[{"taxonomy":"category","embeddable":true,"href":"https:\/\/gradocau.umh.es\/ca\/wp-json\/wp\/v2\/categories?post=3864"},{"taxonomy":"post_tag","embeddable":true,"href":"https:\/\/gradocau.umh.es\/ca\/wp-json\/wp\/v2\/tags?post=3864"}],"curies":[{"name":"wp","href":"https:\/\/api.w.org\/{rel}","templated":true}]}}