{"id":3859,"date":"2019-04-10T15:11:39","date_gmt":"2019-04-10T15:11:39","guid":{"rendered":"http:\/\/gradocau.umh.es\/?p=3859"},"modified":"2019-04-10T15:13:56","modified_gmt":"2019-04-10T15:13:56","slug":"se-inician-los-rodajes-del-seminario-5-y-accion-de-cau-y-doble-grado-en-caup","status":"publish","type":"post","link":"https:\/\/gradocau.umh.es\/ca\/2019\/04\/10\/se-inician-los-rodajes-del-seminario-5-y-accion-de-cau-y-doble-grado-en-caup\/","title":{"rendered":"Se inician los rodajes del seminario 5 y acci\u00f3n de CAU y Doble Grado en CAUP"},"content":{"rendered":"<p><a href=\"http:\/\/gradocau.umh.es\/files\/2019\/04\/DSC_1043.jpg\"><img loading=\"lazy\" class=\"  wp-image-3860 alignright\" src=\"http:\/\/gradocau.umh.es\/files\/2019\/04\/DSC_1043-1024x768.jpg\" alt=\"DSC_1043\" width=\"290\" height=\"218\" srcset=\"https:\/\/gradocau.umh.es\/files\/2019\/04\/DSC_1043-1024x768.jpg 1024w, https:\/\/gradocau.umh.es\/files\/2019\/04\/DSC_1043-300x225.jpg 300w\" sizes=\"(max-width: 290px) 100vw, 290px\" \/><\/a>Los alumnos de primer curso del Grado en Comunicaci\u00f3n Audiovisual y del Doble Grado en Comunicaci\u00f3n Audiovisual y Periodismo que participan en el Seminario 5 y Acci\u00f3n, que se enmarca dentro de los Proyectos de Innovaci\u00f3n Educativa Universitaria (PIEU) 2018-2019, han comenzado ya los rodajes de los cortometrajes que presentar\u00e1n a concurso. Previamente han llevado a cabo todas las fases de preproducci\u00f3n, a trav\u00e9s de las sesiones lectivas impartidas por los docentes del grado implicados. En esta edici\u00f3n est\u00e1n previstos la producci\u00f3n de 8 metrajes que transitan diferentes tem\u00e1ticas en sus discursos narrativos.<br \/>\nEsta semana tendr\u00e1n lugar las \u00faltimas sesiones antes de las vacaciones de Semana Santa, en concreto ser\u00e1n las impartidas por el profesor Pablo M\u00e1s, que versar\u00e1n sobre la edici\u00f3n y el montaje audiovisual. A finales de mayo se celebrar\u00e1 el visionado p\u00fablico de los cortometrajes resultantes de esta acci\u00f3n docente.<\/p>\n<p>El seminario est\u00e1 integrado en las acciones de proyecci\u00f3n del Grado en CAU para los grados implicados de cara a potenciar el desarrollo de proyectos audiovisuales desde el primer curso de ambas titulaciones.<\/p>\n","protected":false},"excerpt":{"rendered":"<p>Los alumnos de primer curso del Grado en Comunicaci\u00f3n Audiovisual y del Doble Grado en Comunicaci\u00f3n Audiovisual y Periodismo que participan en el Seminario 5 y Acci\u00f3n, que se enmarca dentro de los Proyectos de Innovaci\u00f3n Educativa Universitaria (PIEU) 2018-2019, han comenzado ya los rodajes de los cortometrajes que presentar\u00e1n a concurso. Previamente han llevado [&hellip;]<\/p>\n","protected":false},"author":1406,"featured_media":0,"comment_status":"closed","ping_status":"open","sticky":false,"template":"","format":"standard","meta":{"_links_to":"","_links_to_target":""},"categories":[112,2,89,102],"tags":[],"_links":{"self":[{"href":"https:\/\/gradocau.umh.es\/ca\/wp-json\/wp\/v2\/posts\/3859"}],"collection":[{"href":"https:\/\/gradocau.umh.es\/ca\/wp-json\/wp\/v2\/posts"}],"about":[{"href":"https:\/\/gradocau.umh.es\/ca\/wp-json\/wp\/v2\/types\/post"}],"author":[{"embeddable":true,"href":"https:\/\/gradocau.umh.es\/ca\/wp-json\/wp\/v2\/users\/1406"}],"replies":[{"embeddable":true,"href":"https:\/\/gradocau.umh.es\/ca\/wp-json\/wp\/v2\/comments?post=3859"}],"version-history":[{"count":0,"href":"https:\/\/gradocau.umh.es\/ca\/wp-json\/wp\/v2\/posts\/3859\/revisions"}],"wp:attachment":[{"href":"https:\/\/gradocau.umh.es\/ca\/wp-json\/wp\/v2\/media?parent=3859"}],"wp:term":[{"taxonomy":"category","embeddable":true,"href":"https:\/\/gradocau.umh.es\/ca\/wp-json\/wp\/v2\/categories?post=3859"},{"taxonomy":"post_tag","embeddable":true,"href":"https:\/\/gradocau.umh.es\/ca\/wp-json\/wp\/v2\/tags?post=3859"}],"curies":[{"name":"wp","href":"https:\/\/api.w.org\/{rel}","templated":true}]}}